{"id":10012,"date":"2012-12-15T11:29:03","date_gmt":"2012-12-15T10:29:03","guid":{"rendered":"http:\/\/www.tucomarca.com\/wordpress\/segunda\/?p=10012"},"modified":"2012-12-15T11:29:03","modified_gmt":"2012-12-15T10:29:03","slug":"jalance-se-une-a-la-red-de-carnet-jove-del-ivaj-gva-jove-con-un-descuento-para-visitar-la-cueva-don-juan","status":"publish","type":"post","link":"https:\/\/www.tucomarca.com\/wordpress\/segunda\/jalance-se-une-a-la-red-de-carnet-jove-del-ivaj-gva-jove-con-un-descuento-para-visitar-la-cueva-don-juan\/","title":{"rendered":"Jalance se une a la red de Carnet Jove del IVAJ.GVA JOVE con un descuento para visitar la Cueva Don Juan"},"content":{"rendered":"<div id=\"aui_3_2_0_1110\">\n<div id=\"aui_3_2_0_1109\">\u00abLos j\u00f3venes a trav\u00e9s de los descuentos y las ventajas que ofrece el Carnet Jove pueden conocer parajes singulares de nuestra Comunitat como los de Jalance \u00ab, ha indicado el director de Juventud, Marcos Sanchis, con motivo de la firma con la alcaldesa de Jalance, Ana Isabel Piera del compromiso de adhesi\u00f3n del ayuntamiento de Jalance a la red de Carnet Jove del IVAJ.GVA JOVE.<\/div>\n<\/div>\n<p id=\"aui_3_2_0_1130\">Marcos Sanchis ha destacado que \u00aba partir de hoy el ayuntamiento de Jalance forma parte de una red que integra a 35 ayuntamientos y a 699 empresas de la provincia de Valencia que apoyan a los j\u00f3venes con ventajas concretas\u00bb.<\/p>\n<p>El acuerdo firmado por la alcaldesa, Ana Isabel Piera establece que el Ayuntamiento de Jalance fijar\u00e1 unas condiciones especialmente favorables de acceso o utilizaci\u00f3n, para los j\u00f3venes titulares del Carnet Jove, en los actos culturales y deportivos que se organicen desde el Ayuntamiento. El primer descuento incorporado es del 20% en el precio de la entrada a la Cueva Don Juan,<\/p>\n<p>Desde Jalance hasta la cueva hay unos doce kil\u00f3metros por pista asfaltada. El acceso se encuentra en buenas condiciones y perfectamente se\u00f1alizado. En este trayecto se pasa por parajes atractivos y de singular belleza (loma del Picazo, loma de los Capellanes, los ca\u00f1ones del J\u00facar, el Campichuelo, etc.), rodeados por una masa boscosa formada principalmente por pinos carrascos, pero tambi\u00e9n de madro\u00f1os.<\/p>\n<p>La cueva se enclava en la margen derecha de un barranco afluente del r\u00edo J\u00facar, zona de abrupto relieve y encajados cursos fluviales, que ofrecen al visitante unas vistas panor\u00e1micas en un entorno rodeado de naturaleza y belleza. El recorrido por el interior de la cueva es de unos quinientos metros y dura unos cuarenta minutos con dos tramos bien diferenciados: el primero y m\u00e1s cercano a la entrada es el tramo seco y f\u00f3sil y en la parte interna est\u00e1 el tramo h\u00famedo y en constante crecimiento.<\/p>\n<p>El Ayuntamiento de Jalance se compromete a difundir este descuento por sus medios habituales, dando publicidad de las actividades y servicios con descuento a trav\u00e9s de carteler\u00eda, p\u00e1ginas web o cualquier otro medio de difusi\u00f3n.<\/p>\n<p>&nbsp;<\/p>\n","protected":false},"excerpt":{"rendered":"<div class=\"mh-excerpt\">\u00abLos j\u00f3venes a trav\u00e9s de los descuentos y las ventajas que ofrece el Carnet Jove pueden conocer parajes singulares de nuestra Comunitat como los de Jalance \u00ab, ha indicado el director de Juventud, Marcos Sanchis, <a class=\"mh-excerpt-more\" href=\"https:\/\/www.tucomarca.com\/wordpress\/segunda\/jalance-se-une-a-la-red-de-carnet-jove-del-ivaj-gva-jove-con-un-descuento-para-visitar-la-cueva-don-juan\/\" title=\"Jalance se une a la red de Carnet Jove del IVAJ.GVA JOVE con un descuento para visitar la Cueva Don Juan\">[+] <\/a><\/div>\n","protected":false},"author":1,"featured_media":0,"comment_status":"open","ping_status":"open","sticky":false,"template":"","format":"standard","meta":{"footnotes":""},"categories":[38,230,8,117,3],"tags":[],"class_list":{"0":"post-10012","1":"post","2":"type-post","3":"status-publish","4":"format-standard","6":"category-ayora-cofrentes","7":"category-jalance","8":"category-la-comarca","9":"category-medio-ambiente-la-comarca","10":"category-seccion"},"_links":{"self":[{"href":"https:\/\/www.tucomarca.com\/wordpress\/segunda\/wp-json\/wp\/v2\/posts\/10012","targetHints":{"allow":["GET"]}}],"collection":[{"href":"https:\/\/www.tucomarca.com\/wordpress\/segunda\/wp-json\/wp\/v2\/posts"}],"about":[{"href":"https:\/\/www.tucomarca.com\/wordpress\/segunda\/wp-json\/wp\/v2\/types\/post"}],"author":[{"embeddable":true,"href":"https:\/\/www.tucomarca.com\/wordpress\/segunda\/wp-json\/wp\/v2\/users\/1"}],"replies":[{"embeddable":true,"href":"https:\/\/www.tucomarca.com\/wordpress\/segunda\/wp-json\/wp\/v2\/comments?post=10012"}],"version-history":[{"count":0,"href":"https:\/\/www.tucomarca.com\/wordpress\/segunda\/wp-json\/wp\/v2\/posts\/10012\/revisions"}],"wp:attachment":[{"href":"https:\/\/www.tucomarca.com\/wordpress\/segunda\/wp-json\/wp\/v2\/media?parent=10012"}],"wp:term":[{"taxonomy":"category","embeddable":true,"href":"https:\/\/www.tucomarca.com\/wordpress\/segunda\/wp-json\/wp\/v2\/categories?post=10012"},{"taxonomy":"post_tag","embeddable":true,"href":"https:\/\/www.tucomarca.com\/wordpress\/segunda\/wp-json\/wp\/v2\/tags?post=10012"}],"curies":[{"name":"wp","href":"https:\/\/api.w.org\/{rel}","templated":true}]}}