{"id":10015,"date":"2012-12-15T11:35:39","date_gmt":"2012-12-15T10:35:39","guid":{"rendered":"http:\/\/www.tucomarca.com\/wordpress\/segunda\/?p=10015"},"modified":"2012-12-31T12:09:40","modified_gmt":"2012-12-31T11:09:40","slug":"los-escolares-de-chiva-aprenden-a-reciclar-con-%e2%80%9clos-3-cerditos%e2%80%9d","status":"publish","type":"post","link":"https:\/\/www.tucomarca.com\/wordpress\/segunda\/los-escolares-de-chiva-aprenden-a-reciclar-con-%e2%80%9clos-3-cerditos%e2%80%9d\/","title":{"rendered":"Los escolares de Chiva aprenden a reciclar con \u201cLos 3 cerditos\u201d"},"content":{"rendered":"<figure id=\"attachment_10016\" aria-describedby=\"caption-attachment-10016\" style=\"width: 300px\" class=\"wp-caption alignleft\"><a href=\"https:\/\/www.tucomarca.com\/wordpress\/segunda\/wp-content\/uploads\/2012\/12\/taller1.jpg\"><img loading=\"lazy\" decoding=\"async\" class=\"size-medium wp-image-10016\" title=\"taller\" src=\"https:\/\/www.tucomarca.com\/wordpress\/segunda\/wp-content\/uploads\/2012\/12\/taller1-300x177.jpg\" alt=\"Los j\u00f3venes de Chiva aprenden a reciclar.\" width=\"300\" height=\"177\" srcset=\"https:\/\/www.tucomarca.com\/wordpress\/segunda\/wp-content\/uploads\/2012\/12\/taller1-300x177.jpg 300w, https:\/\/www.tucomarca.com\/wordpress\/segunda\/wp-content\/uploads\/2012\/12\/taller1-1024x606.jpg 1024w, https:\/\/www.tucomarca.com\/wordpress\/segunda\/wp-content\/uploads\/2012\/12\/taller1.jpg 1772w\" sizes=\"auto, (max-width: 300px) 100vw, 300px\" \/><\/a><figcaption id=\"caption-attachment-10016\" class=\"wp-caption-text\">Los j\u00f3venes de Chiva aprenden a reciclar.<\/figcaption><\/figure>\n<p>El cl\u00e1sico cuento de \u201cLos 3 cerditos\u201d premiaba el esfuerzo diario de hacer bien las cosas, construyendo una casa poco a poco, a base de ladrillos, para que el lobo no pudiese com\u00e9rselos. Lo provisional, la falta de esfuerzo, significaba que el lobo te com\u00eda seguro.<\/p>\n<p>Adaptando esta moraleja a la situaci\u00f3n y el contexto actual, los colegios de Chiva est\u00e1n participando en el Taller sobre Reciclaje de \u201cLos 3 cerditos\u201d.<\/p>\n<p>El objetivo es concienciar a los m\u00e1s peque\u00f1os sobre la importancia de reciclar, lo beneficioso que resulta para el medio ambiente y las ventajas que tiene para nuestro propio municipio porque, cuanto m\u00e1s se recicla, m\u00e1s se ahorra, ya que muestro pueblo paga menos, al facilitar al Consorcio la tarea de separar.<\/p>\n<p>Los m\u00e1s peque\u00f1os est\u00e1n aprendiendo a reciclar con estos conocidos personajes convertidos en enormes figuras con los colores de los contenedores de recogida separada.<\/p>\n<p>El taller comenz\u00f3 el jueves con los alumnos de infantil, 1\u00ba y 2\u00ba de primaria del CP La Murta. El viernes fue el turno del colegio Internacional de Levante, con alumnos de 5 a\u00f1os m\u00e1s un grupo de alumnos de 6\u00ba de primaria.<\/p>\n<p>El Dr. Corach\u00e1n finalizar\u00e1 la actividad el pr\u00f3ximo jueves 20 de diciembre, donde participar\u00e1n los alumnos de 1er. ciclo de primaria, 100 en total, 50 de 1\u00ba y 50 de 2\u00ba.<\/p>\n<p>&nbsp;<\/p>\n","protected":false},"excerpt":{"rendered":"<div class=\"mh-excerpt\">El cl\u00e1sico cuento de \u201cLos 3 cerditos\u201d premiaba el esfuerzo diario de hacer bien las cosas, construyendo una casa poco a poco, a base de ladrillos, para que el lobo no pudiese com\u00e9rselos. Lo provisional, <a class=\"mh-excerpt-more\" href=\"https:\/\/www.tucomarca.com\/wordpress\/segunda\/los-escolares-de-chiva-aprenden-a-reciclar-con-%e2%80%9clos-3-cerditos%e2%80%9d\/\" title=\"Los escolares de Chiva aprenden a reciclar con \u201cLos 3 cerditos\u201d\">[+] <\/a><\/div>\n","protected":false},"author":1,"featured_media":10016,"comment_status":"open","ping_status":"open","sticky":false,"template":"","format":"standard","meta":{"footnotes":""},"categories":[16,10,7,3],"tags":[],"class_list":{"0":"post-10015","1":"post","2":"type-post","3":"status-publish","4":"format-standard","5":"has-post-thumbnail","7":"category-chiva","8":"category-la-hoya","9":"category-ocio-y-cultura","10":"category-seccion"},"_links":{"self":[{"href":"https:\/\/www.tucomarca.com\/wordpress\/segunda\/wp-json\/wp\/v2\/posts\/10015","targetHints":{"allow":["GET"]}}],"collection":[{"href":"https:\/\/www.tucomarca.com\/wordpress\/segunda\/wp-json\/wp\/v2\/posts"}],"about":[{"href":"https:\/\/www.tucomarca.com\/wordpress\/segunda\/wp-json\/wp\/v2\/types\/post"}],"author":[{"embeddable":true,"href":"https:\/\/www.tucomarca.com\/wordpress\/segunda\/wp-json\/wp\/v2\/users\/1"}],"replies":[{"embeddable":true,"href":"https:\/\/www.tucomarca.com\/wordpress\/segunda\/wp-json\/wp\/v2\/comments?post=10015"}],"version-history":[{"count":0,"href":"https:\/\/www.tucomarca.com\/wordpress\/segunda\/wp-json\/wp\/v2\/posts\/10015\/revisions"}],"wp:featuredmedia":[{"embeddable":true,"href":"https:\/\/www.tucomarca.com\/wordpress\/segunda\/wp-json\/wp\/v2\/media\/10016"}],"wp:attachment":[{"href":"https:\/\/www.tucomarca.com\/wordpress\/segunda\/wp-json\/wp\/v2\/media?parent=10015"}],"wp:term":[{"taxonomy":"category","embeddable":true,"href":"https:\/\/www.tucomarca.com\/wordpress\/segunda\/wp-json\/wp\/v2\/categories?post=10015"},{"taxonomy":"post_tag","embeddable":true,"href":"https:\/\/www.tucomarca.com\/wordpress\/segunda\/wp-json\/wp\/v2\/tags?post=10015"}],"curies":[{"name":"wp","href":"https:\/\/api.w.org\/{rel}","templated":true}]}}