{"id":100216,"date":"2020-02-26T23:55:55","date_gmt":"2020-02-26T21:55:55","guid":{"rendered":"http:\/\/www.tucomarca.com\/wordpress\/segunda\/?p=100216"},"modified":"2020-02-26T23:55:59","modified_gmt":"2020-02-26T21:55:59","slug":"utiel-abre-el-plazo-para-solicitar-las-ayudas-al-alquiler-de-vivienda","status":"publish","type":"post","link":"https:\/\/www.tucomarca.com\/wordpress\/segunda\/utiel-abre-el-plazo-para-solicitar-las-ayudas-al-alquiler-de-vivienda\/","title":{"rendered":"Utiel abre el plazo para solicitar las ayudas al alquiler de vivienda"},"content":{"rendered":"\n<p>La Conselleria de Vivienda, Obras P\u00fablicas y Vertebraci\u00f3n del Territorio publicaba ayer en el DOGV el programa de ayudas al alquiler de vivienda que incluye subvenciones generales y tambi\u00e9n espec\u00edficas para arrendatarios j\u00f3venes.<\/p>\n\n\n\n<p>En ambos casos, el plazo para solicitar las ayudas finaliza el 31 de marzo de 2020 y se puede tramitar a trav\u00e9s del departamento de Servicios Sociales del Ayuntamiento de Utiel.<\/p>\n\n\n\n<p>El objetivo de estas ayudas es favorecer el acceso a viviendas en alquiler y facilitar el primer acceso a la vivienda a los j\u00f3venes. En esta convocatoria se subvencionan los recibos desde el 1 de enero al 31 de diciembre de 2020.<\/p>\n\n\n\n<p><strong>Tipos de Ayudas<\/strong><\/p>\n\n\n\n<p>El programa de ayudas al alquiler de vivienda 2020 de la Comunidad Valenciana establece dos l\u00edneas subvencionables:&nbsp;<\/p>\n\n\n\n<ul class=\"wp-block-list\"><li>La l\u00ednea de ALQUILER JOVEN la pueden solicitar titulares de contrato de arrendamiento menores de 35 a\u00f1os en el momento de la solicitud. Todos los miembros de su unidad de convivencia deben ser menores de 35 a\u00f1os y s\u00f3lo se admite que supere esta edad si se trata de una persona dependiente.<\/li><\/ul>\n\n\n\n<p>La subvenci\u00f3n podr\u00e1 alcanzar un 50% de la renta del alquiler&nbsp;<\/p>\n\n\n\n<ul class=\"wp-block-list\"><li>La l\u00ednea de ALQUILER GEN\u00c9RICO no tiene requisitos de edad, y es compatible con algunas de las ayudas que puedan tramitar otros organismos, en situaciones de especial vulnerabilidad, lo que deber\u00e1 acreditarse.&nbsp;<\/li><\/ul>\n\n\n\n<p>La subvenci\u00f3n alcanzar\u00e1 hasta el 40% del alquiler con un m\u00e1ximo de 2.880 \u20ac anuales y hasta un 50% si todos los miembros de la unidad de convivencia tienen m\u00e1s de 65 a\u00f1os, con un m\u00e1ximo de 3.600 \u20ac anuales.<\/p>\n\n\n\n<p><strong>Requisitos<\/strong><\/p>\n\n\n\n<p>Pueden acceder a estas ayudas todas las personas con un contrato de alquiler que cumplan el l\u00edmite de precio establecido por municipio, en el caso de Utiel un m\u00e1ximo de 480 \u20ac\/mes, as\u00ed como las condiciones de ingresos de la unidad de convivencia.<\/p>\n\n\n\n<p>En t\u00e9rminos generales deber\u00e1n ser iguales o inferiores a 3 veces el IPREM y de forma excepcional (familias numerosas, personas con diversidad funcional\u2026) los ingresos pueden ser de 4 \u00f3 5 veces el IPREM.<\/p>\n\n\n\n<p>Entre los grupos prioritarios se incluyen los afectados por desahucio, familias monoparentales o numerosas, mujeres v\u00edctimas de violencia de g\u00e9nero o personas con diversidad funcional.<br>\n<\/p>\n\n\n\n<p><strong>Solicitudes<\/strong><\/p>\n\n\n\n<p>La tramitaci\u00f3n de estas ayudas puede formalizarse de forma telem\u00e1tica en <a href=\"http:\/\/www.habitatge.gva.es\">www.habitatge.gva.es<\/a> hasta el 31 de marzo o <strong>presencialmente a trav\u00e9s del departamento de<\/strong> <strong>Servicios Sociales del Ayuntamiento de Utiel hasta el 30 de marzo. <\/strong>Los interesados\/as deben solicitar cita previa llamando al 96 217 05 04.<\/p>\n\n\n\n<p>El formulario de solicitud tendr\u00e1 que ir acompa\u00f1ado de la acreditaci\u00f3n de empadronamiento, contrato de arrendamiento de la vivienda de duraci\u00f3n m\u00ednima de un a\u00f1o, as\u00ed como recibos bancarios que acrediten el pago del alquiler desde el 1 de enero hasta la solicitud entre otros documentos.<\/p>\n\n\n\n<p>Informaci\u00f3n completa con modelo de solicitud y anexos en <a href=\"http:\/\/www.utiel.es\">www.utiel.es<\/a>&nbsp;<br><\/p>\n","protected":false},"excerpt":{"rendered":"<div class=\"mh-excerpt\">La Conselleria de Vivienda, Obras P\u00fablicas y Vertebraci\u00f3n del Territorio publicaba ayer en el DOGV el programa de ayudas al alquiler de vivienda que incluye subvenciones generales y tambi\u00e9n espec\u00edficas para arrendatarios j\u00f3venes. En ambos <a class=\"mh-excerpt-more\" href=\"https:\/\/www.tucomarca.com\/wordpress\/segunda\/utiel-abre-el-plazo-para-solicitar-las-ayudas-al-alquiler-de-vivienda\/\" title=\"Utiel abre el plazo para solicitar las ayudas al alquiler de vivienda\">[+] <\/a><\/div>\n","protected":false},"author":1,"featured_media":100217,"comment_status":"open","ping_status":"open","sticky":false,"template":"","format":"standard","meta":{"footnotes":""},"categories":[128,8,142,27,3,29],"tags":[10387],"class_list":{"0":"post-100216","1":"post","2":"type-post","3":"status-publish","4":"format-standard","5":"has-post-thumbnail","7":"category-infraestructuras","8":"category-la-comarca","9":"category-politica-la-comarca","10":"category-requena-utiel","11":"category-seccion","12":"category-utiel","13":"tag-requena-utiel"},"_links":{"self":[{"href":"https:\/\/www.tucomarca.com\/wordpress\/segunda\/wp-json\/wp\/v2\/posts\/100216","targetHints":{"allow":["GET"]}}],"collection":[{"href":"https:\/\/www.tucomarca.com\/wordpress\/segunda\/wp-json\/wp\/v2\/posts"}],"about":[{"href":"https:\/\/www.tucomarca.com\/wordpress\/segunda\/wp-json\/wp\/v2\/types\/post"}],"author":[{"embeddable":true,"href":"https:\/\/www.tucomarca.com\/wordpress\/segunda\/wp-json\/wp\/v2\/users\/1"}],"replies":[{"embeddable":true,"href":"https:\/\/www.tucomarca.com\/wordpress\/segunda\/wp-json\/wp\/v2\/comments?post=100216"}],"version-history":[{"count":0,"href":"https:\/\/www.tucomarca.com\/wordpress\/segunda\/wp-json\/wp\/v2\/posts\/100216\/revisions"}],"wp:featuredmedia":[{"embeddable":true,"href":"https:\/\/www.tucomarca.com\/wordpress\/segunda\/wp-json\/wp\/v2\/media\/100217"}],"wp:attachment":[{"href":"https:\/\/www.tucomarca.com\/wordpress\/segunda\/wp-json\/wp\/v2\/media?parent=100216"}],"wp:term":[{"taxonomy":"category","embeddable":true,"href":"https:\/\/www.tucomarca.com\/wordpress\/segunda\/wp-json\/wp\/v2\/categories?post=100216"},{"taxonomy":"post_tag","embeddable":true,"href":"https:\/\/www.tucomarca.com\/wordpress\/segunda\/wp-json\/wp\/v2\/tags?post=100216"}],"curies":[{"name":"wp","href":"https:\/\/api.w.org\/{rel}","templated":true}]}}