{"id":10025,"date":"2012-12-16T15:38:48","date_gmt":"2012-12-16T14:38:48","guid":{"rendered":"http:\/\/www.tucomarca.com\/wordpress\/segunda\/?p=10025"},"modified":"2012-12-16T15:38:48","modified_gmt":"2012-12-16T14:38:48","slug":"los-equipos-de-regional-preferente-del-interior-saldan-con-derrotas-y-empates-el-fin-de-semana","status":"publish","type":"post","link":"https:\/\/www.tucomarca.com\/wordpress\/segunda\/los-equipos-de-regional-preferente-del-interior-saldan-con-derrotas-y-empates-el-fin-de-semana\/","title":{"rendered":"Los equipos de Regional Preferente del interior saldan con derrotas y empates el fin de semana"},"content":{"rendered":"<p>Los equipos de Regional Preferente del interior han cerrado con derrotas y empates sus enfrentameintos del fin de semana. El <strong>SC Requena<\/strong> s\u00f3lo pod\u00eda arrancar un empate a 0 goles en el feudo del Moncada CF; mientras que el <strong>CD Cheste<\/strong> empataba a domicilio frente al UD Quart (1-1).<\/p>\n<p>Por su parte, el<strong> Chiva CF<\/strong> ca\u00eda frente al CF Cracks por 2 goles a 1; mientras que el <strong>CD Bu\u00f1ol<\/strong> tambi\u00e9n perd\u00eda por la m\u00ednima (1-0) frente al decano Burjassot CF a domicilio.<\/p>\n<p>&nbsp;<\/p>\n","protected":false},"excerpt":{"rendered":"<div class=\"mh-excerpt\">Los equipos de Regional Preferente del interior han cerrado con derrotas y empates sus enfrentameintos del fin de semana. El SC Requena s\u00f3lo pod\u00eda arrancar un empate a 0 goles en el feudo del Moncada <a class=\"mh-excerpt-more\" href=\"https:\/\/www.tucomarca.com\/wordpress\/segunda\/los-equipos-de-regional-preferente-del-interior-saldan-con-derrotas-y-empates-el-fin-de-semana\/\" title=\"Los equipos de Regional Preferente del interior saldan con derrotas y empates el fin de semana\">[+] <\/a><\/div>\n","protected":false},"author":1,"featured_media":0,"comment_status":"open","ping_status":"open","sticky":false,"template":"","format":"standard","meta":{"footnotes":""},"categories":[18,50,17,16,6,10,28,27,3],"tags":[],"class_list":{"0":"post-10025","1":"post","2":"type-post","3":"status-publish","4":"format-standard","6":"category-bunol","7":"category-futbol-deportes","8":"category-cheste","9":"category-chiva","10":"category-deportes","11":"category-la-hoya","12":"category-requena","13":"category-requena-utiel","14":"category-seccion"},"_links":{"self":[{"href":"https:\/\/www.tucomarca.com\/wordpress\/segunda\/wp-json\/wp\/v2\/posts\/10025","targetHints":{"allow":["GET"]}}],"collection":[{"href":"https:\/\/www.tucomarca.com\/wordpress\/segunda\/wp-json\/wp\/v2\/posts"}],"about":[{"href":"https:\/\/www.tucomarca.com\/wordpress\/segunda\/wp-json\/wp\/v2\/types\/post"}],"author":[{"embeddable":true,"href":"https:\/\/www.tucomarca.com\/wordpress\/segunda\/wp-json\/wp\/v2\/users\/1"}],"replies":[{"embeddable":true,"href":"https:\/\/www.tucomarca.com\/wordpress\/segunda\/wp-json\/wp\/v2\/comments?post=10025"}],"version-history":[{"count":0,"href":"https:\/\/www.tucomarca.com\/wordpress\/segunda\/wp-json\/wp\/v2\/posts\/10025\/revisions"}],"wp:attachment":[{"href":"https:\/\/www.tucomarca.com\/wordpress\/segunda\/wp-json\/wp\/v2\/media?parent=10025"}],"wp:term":[{"taxonomy":"category","embeddable":true,"href":"https:\/\/www.tucomarca.com\/wordpress\/segunda\/wp-json\/wp\/v2\/categories?post=10025"},{"taxonomy":"post_tag","embeddable":true,"href":"https:\/\/www.tucomarca.com\/wordpress\/segunda\/wp-json\/wp\/v2\/tags?post=10025"}],"curies":[{"name":"wp","href":"https:\/\/api.w.org\/{rel}","templated":true}]}}