{"id":100310,"date":"2020-03-02T10:40:35","date_gmt":"2020-03-02T08:40:35","guid":{"rendered":"http:\/\/www.tucomarca.com\/wordpress\/segunda\/?p=100310"},"modified":"2020-03-02T10:40:37","modified_gmt":"2020-03-02T08:40:37","slug":"carla-garcia-iranzo-reina-de-la-feria-y-fiestas-de-utiel-2020","status":"publish","type":"post","link":"https:\/\/www.tucomarca.com\/wordpress\/segunda\/carla-garcia-iranzo-reina-de-la-feria-y-fiestas-de-utiel-2020\/","title":{"rendered":"Carla Garc\u00eda Iranzo, Reina de la Feria y Fiestas de Utiel 2020"},"content":{"rendered":"\n<figure class=\"wp-block-image\"><img loading=\"lazy\" decoding=\"async\" width=\"908\" height=\"1024\" src=\"https:\/\/www.tucomarca.com\/wordpress\/segunda\/wp-content\/uploads\/2020\/03\/ReinaUtiel20-908x1024.jpg\" alt=\"\" class=\"wp-image-100313\" srcset=\"https:\/\/www.tucomarca.com\/wordpress\/segunda\/wp-content\/uploads\/2020\/03\/ReinaUtiel20-908x1024.jpg 908w, https:\/\/www.tucomarca.com\/wordpress\/segunda\/wp-content\/uploads\/2020\/03\/ReinaUtiel20-266x300.jpg 266w, https:\/\/www.tucomarca.com\/wordpress\/segunda\/wp-content\/uploads\/2020\/03\/ReinaUtiel20-768x866.jpg 768w, https:\/\/www.tucomarca.com\/wordpress\/segunda\/wp-content\/uploads\/2020\/03\/ReinaUtiel20.jpg 1034w\" sizes=\"auto, (max-width: 908px) 100vw, 908px\" \/><\/figure>\n\n\n\n<p>El pasado viernes, 28 de febrero, Carla Garc\u00eda Iranzo era elegida Reina de la Feria y Fiestas de Utiel 2020. El acto de elecci\u00f3n, al que se presentaron 2 candidatas, tuvo lugar en el Sal\u00f3n de Plenos del Ayuntamiento de Utiel.<\/p>\n\n\n\n<p>Carla Garc\u00eda Iranzo se alzaba con 22 de los 36 votos que otorgaron los miembros de la Comisi\u00f3n de Festejos y las nuevas Damas de este a\u00f1o, proclam\u00e1ndose as\u00ed como Reina de la Feria y Fiestas de Utiel 2020.&nbsp;<\/p>\n\n\n\n<p>La representante de la feria utielana de 2020 cumple 17 a\u00f1os en noviembre, estudia 1\u00ba de Bachiller en el I.E.S Miguel Ballesteros Viana de Utiel y es fallera de la Plaza Puerta del Sol.<\/p>\n\n\n\n<p>Las 16 Damas de Honor que le acompa\u00f1ar\u00e1n este a\u00f1o son:&nbsp;Silvia Andr\u00e9s Gim\u00e9nez, Andrea Campillos Yag\u00fce, Laura Fern\u00e1ndez Garc\u00eda, Elena Garc\u00eda Hern\u00e1ndez, Berta Gil Navarro, Adriana G\u00f3mez Garijo, Marta H. G\u00f3mez Latorre, Sonia Hern\u00e1ndez Gea, Alejandra L\u00f3pez Gim\u00e9nez, Rebeca Mart\u00ednez Garc\u00eda, Naiara Monrabal Ruiz, Paula Moreno Lanza, Elena Navarro Mart\u00ednez, Manuela Ponce Carrascosa, Mairena-Sui Romero Ruiz e In\u00e9s Viana Ponce.<\/p>\n\n\n\n<p>La proclamaci\u00f3n de la Reina de la Feria y Fiestas ser\u00e1, como viene siendo habitual, el \u00faltimo s\u00e1bado del mes de agosto. As\u00ed este a\u00f1o el acto tendr\u00e1 lugar el 29 de agosto en el Teatro Rambal, convirti\u00e9ndose en la antesala de su reinado que dar\u00e1 comienzo con la Feria y Fiestas de Utiel a celebrar del 4 al 13 de septiembre de 2020.<\/p>\n\n\n\n<p>El Ayuntamiento de Utiel traslada la enhorabuena a la Reina y Damas de la Feria 2020 y les desea un feliz a\u00f1o.<\/p>\n","protected":false},"excerpt":{"rendered":"<div class=\"mh-excerpt\">El pasado viernes, 28 de febrero, Carla Garc\u00eda Iranzo era elegida Reina de la Feria y Fiestas de Utiel 2020. El acto de elecci\u00f3n, al que se presentaron 2 candidatas, tuvo lugar en el Sal\u00f3n <a class=\"mh-excerpt-more\" href=\"https:\/\/www.tucomarca.com\/wordpress\/segunda\/carla-garcia-iranzo-reina-de-la-feria-y-fiestas-de-utiel-2020\/\" title=\"Carla Garc\u00eda Iranzo, Reina de la Feria y Fiestas de Utiel 2020\">[+] <\/a><\/div>\n","protected":false},"author":1,"featured_media":100311,"comment_status":"open","ping_status":"open","sticky":false,"template":"","format":"standard","meta":{"footnotes":""},"categories":[8,7,383,27,3,29],"tags":[10387],"class_list":{"0":"post-100310","1":"post","2":"type-post","3":"status-publish","4":"format-standard","5":"has-post-thumbnail","7":"category-la-comarca","8":"category-ocio-y-cultura","9":"category-pueblos-en-fiestas","10":"category-requena-utiel","11":"category-seccion","12":"category-utiel","13":"tag-requena-utiel"},"_links":{"self":[{"href":"https:\/\/www.tucomarca.com\/wordpress\/segunda\/wp-json\/wp\/v2\/posts\/100310","targetHints":{"allow":["GET"]}}],"collection":[{"href":"https:\/\/www.tucomarca.com\/wordpress\/segunda\/wp-json\/wp\/v2\/posts"}],"about":[{"href":"https:\/\/www.tucomarca.com\/wordpress\/segunda\/wp-json\/wp\/v2\/types\/post"}],"author":[{"embeddable":true,"href":"https:\/\/www.tucomarca.com\/wordpress\/segunda\/wp-json\/wp\/v2\/users\/1"}],"replies":[{"embeddable":true,"href":"https:\/\/www.tucomarca.com\/wordpress\/segunda\/wp-json\/wp\/v2\/comments?post=100310"}],"version-history":[{"count":0,"href":"https:\/\/www.tucomarca.com\/wordpress\/segunda\/wp-json\/wp\/v2\/posts\/100310\/revisions"}],"wp:featuredmedia":[{"embeddable":true,"href":"https:\/\/www.tucomarca.com\/wordpress\/segunda\/wp-json\/wp\/v2\/media\/100311"}],"wp:attachment":[{"href":"https:\/\/www.tucomarca.com\/wordpress\/segunda\/wp-json\/wp\/v2\/media?parent=100310"}],"wp:term":[{"taxonomy":"category","embeddable":true,"href":"https:\/\/www.tucomarca.com\/wordpress\/segunda\/wp-json\/wp\/v2\/categories?post=100310"},{"taxonomy":"post_tag","embeddable":true,"href":"https:\/\/www.tucomarca.com\/wordpress\/segunda\/wp-json\/wp\/v2\/tags?post=100310"}],"curies":[{"name":"wp","href":"https:\/\/api.w.org\/{rel}","templated":true}]}}