{"id":100419,"date":"2020-03-03T20:44:28","date_gmt":"2020-03-03T18:44:28","guid":{"rendered":"http:\/\/www.tucomarca.com\/wordpress\/segunda\/?p=100419"},"modified":"2020-03-03T21:13:37","modified_gmt":"2020-03-03T19:13:37","slug":"la-tomatina-celebra-su-75-aniversario-en-la-mascleta-de-valencia-de-este-miercoles","status":"publish","type":"post","link":"https:\/\/www.tucomarca.com\/wordpress\/segunda\/la-tomatina-celebra-su-75-aniversario-en-la-mascleta-de-valencia-de-este-miercoles\/","title":{"rendered":"La Tomatina celebra su 75 aniversario en la masclet\u00e0 de Valencia de este mi\u00e9rcoles con el sorteo de 10 entradas"},"content":{"rendered":"\n<p>Este mi\u00e9rcoles, 4 de marzo, la internacionalmente conocida fiesta de La Tomatina de Bu\u00f1ol estar\u00e1 muy presente en la masclet\u00e0 de la plaza del Ayuntamiento de Val\u00e8ncia. \u00abYa que desde el balc\u00f3n del Ayuntamiento de Valencia celebraremos el 75 Aniversario de la fiesta m\u00e1s divertida del mundo\u00bb, como ha informado al alcaldesa del municipio, Juncal Carrascosa..<\/p>\n\n\n\n<p>\u00abSi vienes a la masclet\u00e0 vestido de blanco y rojo y env\u00edas una foto a Instagram con los hashtag<em> #latomatinaoficial #mascletatomatina<\/em> entrar\u00e1s en el sorteo de 10 entradas para La Tomatina 2020 para que vengas con tus 9 mejores amigos\u00bb, ha a\u00f1adido Juncal Carrascosa.<\/p>\n\n\n\n<p>\u00ab\u00a1Venga, ve prepar\u00e1ndote! Disfrutar\u00e1s el doble: Masclet\u00e0 y Tomatina. \u00bfQu\u00e9 m\u00e1s se puede pedir?\u00bb<\/p>\n\n\n\n<p>#latomatinaoficial #tomatina @bunol_turismo #bunol #tomatinafestival #fallasvalencia<\/p>\n","protected":false},"excerpt":{"rendered":"<div class=\"mh-excerpt\">Este mi\u00e9rcoles, 4 de marzo, la internacionalmente conocida fiesta de La Tomatina de Bu\u00f1ol estar\u00e1 muy presente en la masclet\u00e0 de la plaza del Ayuntamiento de Val\u00e8ncia. \u00abYa que desde el balc\u00f3n del Ayuntamiento de <a class=\"mh-excerpt-more\" href=\"https:\/\/www.tucomarca.com\/wordpress\/segunda\/la-tomatina-celebra-su-75-aniversario-en-la-mascleta-de-valencia-de-este-miercoles\/\" title=\"La Tomatina celebra su 75 aniversario en la masclet\u00e0 de Valencia de este mi\u00e9rcoles con el sorteo de 10 entradas\">[+] <\/a><\/div>\n","protected":false},"author":12,"featured_media":100421,"comment_status":"open","ping_status":"open","sticky":false,"template":"","format":"standard","meta":{"footnotes":""},"categories":[4,18,72,10,7,3],"tags":[11944,7689,11943,96],"class_list":{"0":"post-100419","1":"post","2":"type-post","3":"status-publish","4":"format-standard","5":"has-post-thumbnail","7":"category-agenda","8":"category-bunol","9":"category-sin-categorizar","10":"category-la-hoya","11":"category-ocio-y-cultura","12":"category-seccion","13":"tag-75-aniversario-de-la-tomatina","14":"tag-la-tomatina","15":"tag-la-tomatina-2020","16":"tag-tomatina"},"_links":{"self":[{"href":"https:\/\/www.tucomarca.com\/wordpress\/segunda\/wp-json\/wp\/v2\/posts\/100419","targetHints":{"allow":["GET"]}}],"collection":[{"href":"https:\/\/www.tucomarca.com\/wordpress\/segunda\/wp-json\/wp\/v2\/posts"}],"about":[{"href":"https:\/\/www.tucomarca.com\/wordpress\/segunda\/wp-json\/wp\/v2\/types\/post"}],"author":[{"embeddable":true,"href":"https:\/\/www.tucomarca.com\/wordpress\/segunda\/wp-json\/wp\/v2\/users\/12"}],"replies":[{"embeddable":true,"href":"https:\/\/www.tucomarca.com\/wordpress\/segunda\/wp-json\/wp\/v2\/comments?post=100419"}],"version-history":[{"count":0,"href":"https:\/\/www.tucomarca.com\/wordpress\/segunda\/wp-json\/wp\/v2\/posts\/100419\/revisions"}],"wp:featuredmedia":[{"embeddable":true,"href":"https:\/\/www.tucomarca.com\/wordpress\/segunda\/wp-json\/wp\/v2\/media\/100421"}],"wp:attachment":[{"href":"https:\/\/www.tucomarca.com\/wordpress\/segunda\/wp-json\/wp\/v2\/media?parent=100419"}],"wp:term":[{"taxonomy":"category","embeddable":true,"href":"https:\/\/www.tucomarca.com\/wordpress\/segunda\/wp-json\/wp\/v2\/categories?post=100419"},{"taxonomy":"post_tag","embeddable":true,"href":"https:\/\/www.tucomarca.com\/wordpress\/segunda\/wp-json\/wp\/v2\/tags?post=100419"}],"curies":[{"name":"wp","href":"https:\/\/api.w.org\/{rel}","templated":true}]}}