{"id":10044,"date":"2012-12-17T11:08:11","date_gmt":"2012-12-17T10:08:11","guid":{"rendered":"http:\/\/www.tucomarca.com\/wordpress\/segunda\/?p=10044"},"modified":"2012-12-17T11:08:11","modified_gmt":"2012-12-17T10:08:11","slug":"el-turia-dispone-ya-de-su-ruta-ecuestre","status":"publish","type":"post","link":"https:\/\/www.tucomarca.com\/wordpress\/segunda\/el-turia-dispone-ya-de-su-ruta-ecuestre\/","title":{"rendered":"El T\u00faria dispone ya de su ruta ecuestre"},"content":{"rendered":"<p>El Patronato Provincial de Turismo patrocina el nuevo itinerario  Ecuestre IE-031 Ruta del T\u00faria, que se ha inaugurado este fin de semana en el Parque Natural del r\u00edo T\u00faria, en la  localidad de Riba-roja del T\u00faria<\/p>\n<p>Antes de la inauguraci\u00f3n, tuvo lugar una concentraci\u00f3n de jinetes a  caballo en la pista p\u00fablica ecuestre del \u00e1rea recreativa de Riba-roja  del T\u00faria para desfilar por las calles de la localidad<\/p>\n<p>El nuevo itinerario ecuestre es una novedosa propuesta que se pone en  marcha a iniciativa de la Real Federaci\u00f3n H\u00edpica Espa\u00f1ola y est\u00e1  promovido por los ayuntamientos de Manises, Paterna, Riba-roja de T\u00faria y  Vilamarxant, en colaboraci\u00f3n con el Patronato Provincial de Turismo y  el Parque Natural del Turia.<\/p>\n<p>La ruta, que es una de las m\u00e1s completas de Espa\u00f1a, sigue el curso  del r\u00edo Turia y tiene dos variantes que se adentran en los bosques de  Les Rodanes y La Vallesa, en un Itinerario de 35,3 km. Se trata de un  itinerario cuya importancia reside en el hecho de poner en contacto a  caballo un \u00e1rea metropolitana como es la ciudad de Valencia con su  entorno natural m\u00e1s cercano a trav\u00e9s del corredor verde del Turia.<\/p>\n<p>Los Itinerarios Ecuestres son rutas verdes que recorren paisajes  singulares de alto valor ecol\u00f3gico y cultural y que se se\u00f1alizan y  adecuan sin alterar el medio, para que puedan ser recorridas a caballo.  En estos proyectos participan los ayuntamientos de las zonas por donde  discurren los itinerarios y los prestatarios ecuestres y de servicios  tur\u00edsticos tales como hoteles, restaurantes, bares, tiendas y dem\u00e1s que  se implican en los mismos.<br \/>\nEstos proyectos han experimentado un gran  desarrollo en toda Europa y son fuente de dinamizaci\u00f3n del sector  tur\u00edstico, por lo que constituyen uno de los pilares m\u00e1s s\u00f3lidos y con  mayor proyecci\u00f3n de futuro para la econom\u00eda de las zonas rurales de  interior.<\/p>\n<p>Este proyecto ha sido realizado por el equipo de Gesti\u00f3n Tur\u00edstica  del Patrimonio Natural y Cultural de la Universitat Polit\u00e8cnica de  Val\u00e8ncia, encabezado por la catedr\u00e1tica M\u00aa Jos\u00e9 Vi\u00f1als.<\/p>\n","protected":false},"excerpt":{"rendered":"<div class=\"mh-excerpt\">El Patronato Provincial de Turismo patrocina el nuevo itinerario Ecuestre IE-031 Ruta del T\u00faria, que se ha inaugurado este fin de semana en el Parque Natural del r\u00edo T\u00faria, en la localidad de Riba-roja del <a class=\"mh-excerpt-more\" href=\"https:\/\/www.tucomarca.com\/wordpress\/segunda\/el-turia-dispone-ya-de-su-ruta-ecuestre\/\" title=\"El T\u00faria dispone ya de su ruta ecuestre\">[+] <\/a><\/div>\n","protected":false},"author":1,"featured_media":0,"comment_status":"open","ping_status":"open","sticky":false,"template":"","format":"standard","meta":{"footnotes":""},"categories":[169,46,8,117,182,3,184],"tags":[],"class_list":{"0":"post-10044","1":"post","2":"type-post","3":"status-publish","4":"format-standard","6":"category-agricultura-la-comarca","7":"category-camp-de-turia","8":"category-la-comarca","9":"category-medio-ambiente-la-comarca","10":"category-riba-roja","11":"category-seccion","12":"category-vilamarxant"},"_links":{"self":[{"href":"https:\/\/www.tucomarca.com\/wordpress\/segunda\/wp-json\/wp\/v2\/posts\/10044","targetHints":{"allow":["GET"]}}],"collection":[{"href":"https:\/\/www.tucomarca.com\/wordpress\/segunda\/wp-json\/wp\/v2\/posts"}],"about":[{"href":"https:\/\/www.tucomarca.com\/wordpress\/segunda\/wp-json\/wp\/v2\/types\/post"}],"author":[{"embeddable":true,"href":"https:\/\/www.tucomarca.com\/wordpress\/segunda\/wp-json\/wp\/v2\/users\/1"}],"replies":[{"embeddable":true,"href":"https:\/\/www.tucomarca.com\/wordpress\/segunda\/wp-json\/wp\/v2\/comments?post=10044"}],"version-history":[{"count":0,"href":"https:\/\/www.tucomarca.com\/wordpress\/segunda\/wp-json\/wp\/v2\/posts\/10044\/revisions"}],"wp:attachment":[{"href":"https:\/\/www.tucomarca.com\/wordpress\/segunda\/wp-json\/wp\/v2\/media?parent=10044"}],"wp:term":[{"taxonomy":"category","embeddable":true,"href":"https:\/\/www.tucomarca.com\/wordpress\/segunda\/wp-json\/wp\/v2\/categories?post=10044"},{"taxonomy":"post_tag","embeddable":true,"href":"https:\/\/www.tucomarca.com\/wordpress\/segunda\/wp-json\/wp\/v2\/tags?post=10044"}],"curies":[{"name":"wp","href":"https:\/\/api.w.org\/{rel}","templated":true}]}}