{"id":100567,"date":"2020-03-06T20:16:44","date_gmt":"2020-03-06T18:16:44","guid":{"rendered":"http:\/\/www.tucomarca.com\/wordpress\/segunda\/?p=100567"},"modified":"2020-03-06T20:16:46","modified_gmt":"2020-03-06T18:16:46","slug":"sc-requena-y-cd-bunol-se-ven-las-caras-este-fin-de-semana-en-un-derbi-intercomarcal-de-historica-rivalidad","status":"publish","type":"post","link":"https:\/\/www.tucomarca.com\/wordpress\/segunda\/sc-requena-y-cd-bunol-se-ven-las-caras-este-fin-de-semana-en-un-derbi-intercomarcal-de-historica-rivalidad\/","title":{"rendered":"SC Requena y CD Bu\u00f1ol se ven las caras este fin de semana en un derbi intercomarcal de hist\u00f3rica rivalidad"},"content":{"rendered":"\n<p>Este fin de semana el CD Bu\u00f1ol visita el campo del SC Requena, el Tom\u00e1s Berlanga, en un duelo entre vecinos que arrastran una hist\u00f3rica rivalidad. Los requenenses, que no se lo pondr\u00e1n nada f\u00e1cil a los de Bu\u00f1ol, se encuentran situados en el puesto quinto de la tabla, gracias a sus 44 puntos;\u2008los mismos con los que cuenta el CD\u2008Utiel, ubicado un puesto por encima en la clasificaci\u00f3n por el gol average. <\/p>\n\n\n\n<p>Por su parte, el Club Deportivo Bu\u00f1ol ha encadenado su tercera victoria consecutiva este pasado fin de semana tras imponerse por 2 goles a 0 al Rayo San Antonio de Benag\u00e9ber en su feudo del Beltr\u00e1n B\u00e1guena.<br> Tras esta tercera victoria consecutiva, el CD Bu\u00f1ol se reafirma en la cabeza de la tabla del grupo  segundo de la Regional Preferente y se distancia con sus 56 puntos a\u00fan m\u00e1s tanto del Torrente CF como del CDA San Marcelino, que aunque ambos le siguen pisando los talones con 49 puntos, son tres m\u00e1s para los l\u00edderes respecto a la pasada jornada dado que el Torrente (que iba segundo) no ha sumado y el San Marcelino lo ha igualado a puntos tras vencer al Atl\u00e9tico Benimar.<\/p>\n","protected":false},"excerpt":{"rendered":"<div class=\"mh-excerpt\">Este fin de semana el CD Bu\u00f1ol visita el campo del SC Requena, el Tom\u00e1s Berlanga, en un duelo entre vecinos que arrastran una hist\u00f3rica rivalidad. Los requenenses, que no se lo pondr\u00e1n nada f\u00e1cil <a class=\"mh-excerpt-more\" href=\"https:\/\/www.tucomarca.com\/wordpress\/segunda\/sc-requena-y-cd-bunol-se-ven-las-caras-este-fin-de-semana-en-un-derbi-intercomarcal-de-historica-rivalidad\/\" title=\"SC Requena y CD Bu\u00f1ol se ven las caras este fin de semana en un derbi intercomarcal de hist\u00f3rica rivalidad\">[+] <\/a><\/div>\n","protected":false},"author":1,"featured_media":100568,"comment_status":"open","ping_status":"open","sticky":false,"template":"","format":"standard","meta":{"footnotes":""},"categories":[18,50,6,10,28,27,3,45],"tags":[],"class_list":{"0":"post-100567","1":"post","2":"type-post","3":"status-publish","4":"format-standard","5":"has-post-thumbnail","7":"category-bunol","8":"category-futbol-deportes","9":"category-deportes","10":"category-la-hoya","11":"category-requena","12":"category-requena-utiel","13":"category-seccion","14":"category-ventana"},"_links":{"self":[{"href":"https:\/\/www.tucomarca.com\/wordpress\/segunda\/wp-json\/wp\/v2\/posts\/100567","targetHints":{"allow":["GET"]}}],"collection":[{"href":"https:\/\/www.tucomarca.com\/wordpress\/segunda\/wp-json\/wp\/v2\/posts"}],"about":[{"href":"https:\/\/www.tucomarca.com\/wordpress\/segunda\/wp-json\/wp\/v2\/types\/post"}],"author":[{"embeddable":true,"href":"https:\/\/www.tucomarca.com\/wordpress\/segunda\/wp-json\/wp\/v2\/users\/1"}],"replies":[{"embeddable":true,"href":"https:\/\/www.tucomarca.com\/wordpress\/segunda\/wp-json\/wp\/v2\/comments?post=100567"}],"version-history":[{"count":0,"href":"https:\/\/www.tucomarca.com\/wordpress\/segunda\/wp-json\/wp\/v2\/posts\/100567\/revisions"}],"wp:featuredmedia":[{"embeddable":true,"href":"https:\/\/www.tucomarca.com\/wordpress\/segunda\/wp-json\/wp\/v2\/media\/100568"}],"wp:attachment":[{"href":"https:\/\/www.tucomarca.com\/wordpress\/segunda\/wp-json\/wp\/v2\/media?parent=100567"}],"wp:term":[{"taxonomy":"category","embeddable":true,"href":"https:\/\/www.tucomarca.com\/wordpress\/segunda\/wp-json\/wp\/v2\/categories?post=100567"},{"taxonomy":"post_tag","embeddable":true,"href":"https:\/\/www.tucomarca.com\/wordpress\/segunda\/wp-json\/wp\/v2\/tags?post=100567"}],"curies":[{"name":"wp","href":"https:\/\/api.w.org\/{rel}","templated":true}]}}