{"id":100819,"date":"2020-03-10T15:05:23","date_gmt":"2020-03-10T13:05:23","guid":{"rendered":"http:\/\/www.tucomarca.com\/wordpress\/segunda\/?p=100819"},"modified":"2020-03-10T15:20:24","modified_gmt":"2020-03-10T13:20:24","slug":"el-consell-manifiesta-su-repulsa-por-el-asesinato-de-monica-y-convoca-a-la-sociedad-a-seguir-trabajando-por-una-tierra-libre-de-violencia-contra-las-mujeres","status":"publish","type":"post","link":"https:\/\/www.tucomarca.com\/wordpress\/segunda\/el-consell-manifiesta-su-repulsa-por-el-asesinato-de-monica-y-convoca-a-la-sociedad-a-seguir-trabajando-por-una-tierra-libre-de-violencia-contra-las-mujeres\/","title":{"rendered":"El Consell manifiesta su repulsa por el asesinato de M\u00f3nica y convoca a la sociedad a seguir trabajando por una tierra libre de violencia contra las mujeres"},"content":{"rendered":"\n<p>El Consell ha manifestado su repulsa por el asesinato de M\u00f3nica en Villanueva de Castell\u00f3n y ha convocado a toda la sociedad valenciana para seguir trabajando por una tierra libre de violencia contra las mujeres.&nbsp;<\/p>\n\n\n\n<p>El president de la Generalitat, Ximo Puig, miembros del Consell, representantes de las instituciones valencianas y la sociedad civil han guardado tres minutos de silencio ante el Palau de la Generalitat en repulsa por el asesinato de M\u00f3nica, de 38 a\u00f1os, y madre de dos hijos.&nbsp;<\/p>\n\n\n\n<p>Asimismo, la vicepresidenta del Consell y consellera de Igualdad y Pol\u00edticas Inclusivas, M\u00f3nica Oltra, ha participado en la concentraci\u00f3n de silencio realizada frente al Ayuntamiento de Vistabella del Maestrat, donde se encuentra para celebrar varias reuniones sobre servicios sociales municipales.&nbsp;<\/p>\n\n\n\n<p>Al t\u00e9rmino de la concentraci\u00f3n ante el Palau de la Generalitat, la consellera de Justicia, Interior y Administraci\u00f3n P\u00fablica, Gabriela Bravo, ha declarado que el \u00abterrorismo machista\u00bb acab\u00f3 con la vida de M\u00f3nica, \u00abuna muerte que no solo, una vez m\u00e1s, golpea duramente a sus amigos y familiares, sino que golpea duramente a la sociedad valenciana\u00bb.&nbsp;<\/p>\n\n\n\n<p>\u00abLa muerte de M\u00f3nica es insoportable; es intolerable, como lo fue tambi\u00e9n la de Alina hace tres semanas en Moraira\u00bb, ha continuado la consellera.&nbsp;<\/p>\n\n\n\n<p>Por este motivo, ha insistido Bravo, desde la Generalitat \u00abseguiremos trabajando para que esta tierra sea una tierra libre de violencia contra las mujeres\u00bb porque \u00abno queremos que ni una mujer m\u00e1s forme parte de la lista de la infamia\u00bb.&nbsp;<\/p>\n\n\n\n<p>Por su parte, desde Vistabella, la vicepresidenta Oltra ha mostrado su dolor por el asesinato de M\u00f3nica y la solidaridad del Consell con sus familiares y seres queridos; y ha reiterado la \u00abnecesidad de que la sociedad siga mostrando su unidad frente a la barbarie machista, que mostremos que estamos del lado de las v\u00edctimas y enfrentados a los asesinos\u00bb.&nbsp;<\/p>\n\n\n\n<p>\u00abEn este sentido, -ha a\u00f1adido- la sociedad valenciana en su conjunto, desde las instituciones a los partidos pol\u00edticos, entidades, personas individuales debemos seguir mostrando que nunca vamos a dejar de trabajar por una sociedad igualitaria, por una sociedad en la que la violencia contra las mujeres desaparezca de nuestro d\u00eda a d\u00eda\u00bb.&nbsp;<\/p>\n\n\n\n<p><strong>15 mujeres asesinadas en 2020<\/strong><\/p>\n\n\n\n<p>La muerte de M\u00f3nica en Villanueva de Castell\u00f3n suma un total de 15 mujeres asesinadas en lo que va de 2020; 1.048 desde que se empezaron a contabilizar en 2003. De estas 15 mujeres asesinadas en 2020, solo una present\u00f3 denuncia.&nbsp;<\/p>\n\n\n\n<p>La consellera de Justicia ha indicado que 2020 \u00abnos est\u00e1 arrojando ya una cifra de una mujer asesinada cada cuatro d\u00edas; es una cifra del horror; es una cifra insoportable\u00bb.&nbsp;<\/p>\n\n\n\n<p>A este respecto, Bravo ha recordado que toda la sociedad \u00abtenemos que apoyarlas; tenemos que ayudarlas a vencer el miedo; tenemos todos y todas la obligaci\u00f3n de denunciar\u00bb.<\/p>\n","protected":false},"excerpt":{"rendered":"<div class=\"mh-excerpt\">El Consell ha manifestado su repulsa por el asesinato de M\u00f3nica en Villanueva de Castell\u00f3n y ha convocado a toda la sociedad valenciana para seguir trabajando por una tierra libre de violencia contra las mujeres.&nbsp; <a class=\"mh-excerpt-more\" href=\"https:\/\/www.tucomarca.com\/wordpress\/segunda\/el-consell-manifiesta-su-repulsa-por-el-asesinato-de-monica-y-convoca-a-la-sociedad-a-seguir-trabajando-por-una-tierra-libre-de-violencia-contra-las-mujeres\/\" title=\"El Consell manifiesta su repulsa por el asesinato de M\u00f3nica y convoca a la sociedad a seguir trabajando por una tierra libre de violencia contra las mujeres\">[+] <\/a><\/div>\n","protected":false},"author":1,"featured_media":100820,"comment_status":"open","ping_status":"open","sticky":false,"template":"","format":"standard","meta":{"footnotes":""},"categories":[8,72,42,142,3,116,45,163],"tags":[3640],"class_list":{"0":"post-100819","1":"post","2":"type-post","3":"status-publish","4":"format-standard","5":"has-post-thumbnail","7":"category-la-comarca","8":"category-sin-categorizar","9":"category-la-ribera","10":"category-politica-la-comarca","11":"category-seccion","12":"category-sucesos-la-comarca","13":"category-ventana","14":"category-villanueva-de-castellon","15":"tag-la-ribera-alta"},"_links":{"self":[{"href":"https:\/\/www.tucomarca.com\/wordpress\/segunda\/wp-json\/wp\/v2\/posts\/100819","targetHints":{"allow":["GET"]}}],"collection":[{"href":"https:\/\/www.tucomarca.com\/wordpress\/segunda\/wp-json\/wp\/v2\/posts"}],"about":[{"href":"https:\/\/www.tucomarca.com\/wordpress\/segunda\/wp-json\/wp\/v2\/types\/post"}],"author":[{"embeddable":true,"href":"https:\/\/www.tucomarca.com\/wordpress\/segunda\/wp-json\/wp\/v2\/users\/1"}],"replies":[{"embeddable":true,"href":"https:\/\/www.tucomarca.com\/wordpress\/segunda\/wp-json\/wp\/v2\/comments?post=100819"}],"version-history":[{"count":0,"href":"https:\/\/www.tucomarca.com\/wordpress\/segunda\/wp-json\/wp\/v2\/posts\/100819\/revisions"}],"wp:featuredmedia":[{"embeddable":true,"href":"https:\/\/www.tucomarca.com\/wordpress\/segunda\/wp-json\/wp\/v2\/media\/100820"}],"wp:attachment":[{"href":"https:\/\/www.tucomarca.com\/wordpress\/segunda\/wp-json\/wp\/v2\/media?parent=100819"}],"wp:term":[{"taxonomy":"category","embeddable":true,"href":"https:\/\/www.tucomarca.com\/wordpress\/segunda\/wp-json\/wp\/v2\/categories?post=100819"},{"taxonomy":"post_tag","embeddable":true,"href":"https:\/\/www.tucomarca.com\/wordpress\/segunda\/wp-json\/wp\/v2\/tags?post=100819"}],"curies":[{"name":"wp","href":"https:\/\/api.w.org\/{rel}","templated":true}]}}