{"id":10082,"date":"2012-12-18T14:46:21","date_gmt":"2012-12-18T13:46:21","guid":{"rendered":"http:\/\/www.tucomarca.com\/wordpress\/segunda\/?p=10082"},"modified":"2012-12-18T14:46:21","modified_gmt":"2012-12-18T13:46:21","slug":"la-agrupacion-local-de-proteccion-civil-de-cheste-estrena-nueva-sede","status":"publish","type":"post","link":"https:\/\/www.tucomarca.com\/wordpress\/segunda\/la-agrupacion-local-de-proteccion-civil-de-cheste-estrena-nueva-sede\/","title":{"rendered":"La agrupaci\u00f3n local de Protecci\u00f3n Civil de Cheste estrena nueva sede"},"content":{"rendered":"<figure id=\"attachment_10083\" aria-describedby=\"caption-attachment-10083\" style=\"width: 300px\" class=\"wp-caption alignleft\"><a href=\"https:\/\/www.tucomarca.com\/wordpress\/segunda\/wp-content\/uploads\/2012\/12\/PCCheste.jpg\"><img loading=\"lazy\" decoding=\"async\" class=\"size-medium wp-image-10083\" title=\"PCCheste\" src=\"https:\/\/www.tucomarca.com\/wordpress\/segunda\/wp-content\/uploads\/2012\/12\/PCCheste-300x168.jpg\" alt=\"Inauguraci\u00f3n oficial a cargo del alcalde de la localidad.\" width=\"300\" height=\"168\" srcset=\"https:\/\/www.tucomarca.com\/wordpress\/segunda\/wp-content\/uploads\/2012\/12\/PCCheste-300x168.jpg 300w, https:\/\/www.tucomarca.com\/wordpress\/segunda\/wp-content\/uploads\/2012\/12\/PCCheste-1024x576.jpg 1024w, https:\/\/www.tucomarca.com\/wordpress\/segunda\/wp-content\/uploads\/2012\/12\/PCCheste.jpg 1920w\" sizes=\"auto, (max-width: 300px) 100vw, 300px\" \/><\/a><figcaption id=\"caption-attachment-10083\" class=\"wp-caption-text\">Inauguraci\u00f3n oficial a cargo del alcalde de la localidad.<\/figcaption><\/figure>\n<p>El pasado s\u00e1bado se inauguraron las nuevas instalaciones de la Agrupaci\u00f3n de que el Ayuntamiento les ha cedido para el buen desarrollo de su servicio.<\/p>\n<p>Las instalaciones est\u00e1 situadas en la Calle Mar\u00eda Carbonell, en lo que eran las antiguas dependencias de la Polic\u00eda Local de Cheste, colindante a la oficina de turismo y al Dep\u00f3sito del agua.<\/p>\n<p>En el mismo acto se entregaron los diplomas de reconocimiento a la labor realizada por los mismos durante este a\u00f1o 2012, tanto en el mundial de motociclismo, como la colaboraci\u00f3n en la extinci\u00f3n de incendios en Y\u00e1tova durante el pasado verano, como en los diferentes actos en los que se le ha requerido su colaboraci\u00f3n en el municipio.<\/p>\n<p>Desde el Ayuntamiento han querido agradecer con este gesto a todos los voluntarios su trabajo desinteresado por los chestanos en cada uno de los eventos que se organizan en el municipio, as\u00ed como a nivel comunitario cuando han sido llamados por otras agrupaciones.<\/p>\n","protected":false},"excerpt":{"rendered":"<div class=\"mh-excerpt\">El pasado s\u00e1bado se inauguraron las nuevas instalaciones de la Agrupaci\u00f3n de que el Ayuntamiento les ha cedido para el buen desarrollo de su servicio. Las instalaciones est\u00e1 situadas en la Calle Mar\u00eda Carbonell, en <a class=\"mh-excerpt-more\" href=\"https:\/\/www.tucomarca.com\/wordpress\/segunda\/la-agrupacion-local-de-proteccion-civil-de-cheste-estrena-nueva-sede\/\" title=\"La agrupaci\u00f3n local de Protecci\u00f3n Civil de Cheste estrena nueva sede\">[+] <\/a><\/div>\n","protected":false},"author":1,"featured_media":10083,"comment_status":"open","ping_status":"open","sticky":false,"template":"","format":"standard","meta":{"footnotes":""},"categories":[17,128,8,10,3,45],"tags":[],"class_list":{"0":"post-10082","1":"post","2":"type-post","3":"status-publish","4":"format-standard","5":"has-post-thumbnail","7":"category-cheste","8":"category-infraestructuras","9":"category-la-comarca","10":"category-la-hoya","11":"category-seccion","12":"category-ventana"},"_links":{"self":[{"href":"https:\/\/www.tucomarca.com\/wordpress\/segunda\/wp-json\/wp\/v2\/posts\/10082","targetHints":{"allow":["GET"]}}],"collection":[{"href":"https:\/\/www.tucomarca.com\/wordpress\/segunda\/wp-json\/wp\/v2\/posts"}],"about":[{"href":"https:\/\/www.tucomarca.com\/wordpress\/segunda\/wp-json\/wp\/v2\/types\/post"}],"author":[{"embeddable":true,"href":"https:\/\/www.tucomarca.com\/wordpress\/segunda\/wp-json\/wp\/v2\/users\/1"}],"replies":[{"embeddable":true,"href":"https:\/\/www.tucomarca.com\/wordpress\/segunda\/wp-json\/wp\/v2\/comments?post=10082"}],"version-history":[{"count":0,"href":"https:\/\/www.tucomarca.com\/wordpress\/segunda\/wp-json\/wp\/v2\/posts\/10082\/revisions"}],"wp:featuredmedia":[{"embeddable":true,"href":"https:\/\/www.tucomarca.com\/wordpress\/segunda\/wp-json\/wp\/v2\/media\/10083"}],"wp:attachment":[{"href":"https:\/\/www.tucomarca.com\/wordpress\/segunda\/wp-json\/wp\/v2\/media?parent=10082"}],"wp:term":[{"taxonomy":"category","embeddable":true,"href":"https:\/\/www.tucomarca.com\/wordpress\/segunda\/wp-json\/wp\/v2\/categories?post=10082"},{"taxonomy":"post_tag","embeddable":true,"href":"https:\/\/www.tucomarca.com\/wordpress\/segunda\/wp-json\/wp\/v2\/tags?post=10082"}],"curies":[{"name":"wp","href":"https:\/\/api.w.org\/{rel}","templated":true}]}}