{"id":100830,"date":"2020-03-10T19:17:32","date_gmt":"2020-03-10T17:17:32","guid":{"rendered":"http:\/\/www.tucomarca.com\/wordpress\/segunda\/?p=100830"},"modified":"2020-03-10T19:17:36","modified_gmt":"2020-03-10T17:17:36","slug":"el-ayuntamiento-de-alborache-presenta-el-portal-de-transparencia-de-las-asociaciones-en-su-web","status":"publish","type":"post","link":"https:\/\/www.tucomarca.com\/wordpress\/segunda\/el-ayuntamiento-de-alborache-presenta-el-portal-de-transparencia-de-las-asociaciones-en-su-web\/","title":{"rendered":"El Ayuntamiento de Alborache presenta el portal de Transparencia de las Asociaciones en su web"},"content":{"rendered":"\n<p>El Ayuntamiento de Alborache presenta el Portal de Transparencia de las Asociaciones, una nueva utilidad de la p\u00e1gina web municipal concebida para garantizar la transparencia en la gesti\u00f3n de las subvenciones que reciben las asociaciones locales.<\/p>\n\n\n\n<p>El desarrollo de este portal ha sido posible por la financiaci\u00f3n de la Diputaci\u00f3n de Valencia y la colaboraci\u00f3n de la Agencia de Desarrollo Comarcal de la Mancomunidad de La Hoya de Bu\u00f1ol-Chiva, y es una de las acciones del Plan de Participaci\u00f3n Ciudadana y Transparencia municipal de la localidad.<\/p>\n\n\n\n<p>Las asociaciones de Alborache tienen as\u00ed una herramienta de difusi\u00f3n y transparencia, ya que en cada espacio pueden compartir sus actividades, los datos de contacto y los proyectos que desarrollan con las subvenciones recibidas. De esta manera, la gesti\u00f3n en la transparencia de las subvenciones p\u00fablicas y, por otro lado, su base social y colaboradores podr\u00e1n conocer el destino de sus aportaciones, y asegurarse de que se cumplen los compromisos acordados.&nbsp;<\/p>\n\n\n\n<p>Con una periodicidad prevista de car\u00e1cter trimestral, cada organizaci\u00f3n deber\u00e1 comunicar al Ayuntamiento las actividades objeto de la subvenci\u00f3n, mediante una memoria de actividad y el presupuesto. De esta manera la gesti\u00f3n de los fondos municipales es transparente ya que la informaci\u00f3n se har\u00e1 p\u00fablica en el espacio que cada Asociaci\u00f3n tiene habilitado en el Portal de Asociaciones.&nbsp;<\/p>\n\n\n\n<p>En el marco de este proyecto, se ha elaborado un v\u00eddeo tutorial (disponible en <a href=\"https:\/\/youtu.be\/-1qCx0MLFB8\">este enlace<\/a>) en el que se explica c\u00f3mo acceder y qu\u00e9 tiene que hacer cada asociaci\u00f3n para que su informaci\u00f3n aparezca en el Portal de Transparencia.<\/p>\n\n\n\n<p>Paqui Collado, alcaldesa de Alborache, anima a las asociaciones locales a aportar la informaci\u00f3n <em>\u201cpara que no quede ninguna duda de que los colectivos locales y el Ayuntamiento somos muy conscientes de que el dinero p\u00fablico debe tratarse con exquisito cuidado y responsabilidad. Este Ayuntamiento apuesta firmemente por la participaci\u00f3n ciudadana y reconoce la importancia del tejido asociativo y sus actividades, y este Portal de Transparencia para las asociaciones es una herramienta m\u00e1s que lo demuestra\u201d.<\/em><\/p>\n","protected":false},"excerpt":{"rendered":"<div class=\"mh-excerpt\">El Ayuntamiento de Alborache presenta el Portal de Transparencia de las Asociaciones, una nueva utilidad de la p\u00e1gina web municipal concebida para garantizar la transparencia en la gesti\u00f3n de las subvenciones que reciben las asociaciones <a class=\"mh-excerpt-more\" href=\"https:\/\/www.tucomarca.com\/wordpress\/segunda\/el-ayuntamiento-de-alborache-presenta-el-portal-de-transparencia-de-las-asociaciones-en-su-web\/\" title=\"El Ayuntamiento de Alborache presenta el portal de Transparencia de las Asociaciones en su web\">[+] <\/a><\/div>\n","protected":false},"author":1,"featured_media":100834,"comment_status":"open","ping_status":"open","sticky":false,"template":"","format":"standard","meta":{"footnotes":""},"categories":[19,128,8,10,142,3],"tags":[5952],"class_list":{"0":"post-100830","1":"post","2":"type-post","3":"status-publish","4":"format-standard","5":"has-post-thumbnail","7":"category-alborache","8":"category-infraestructuras","9":"category-la-comarca","10":"category-la-hoya","11":"category-politica-la-comarca","12":"category-seccion","13":"tag-la-hoya-de-bunol-chiva"},"_links":{"self":[{"href":"https:\/\/www.tucomarca.com\/wordpress\/segunda\/wp-json\/wp\/v2\/posts\/100830","targetHints":{"allow":["GET"]}}],"collection":[{"href":"https:\/\/www.tucomarca.com\/wordpress\/segunda\/wp-json\/wp\/v2\/posts"}],"about":[{"href":"https:\/\/www.tucomarca.com\/wordpress\/segunda\/wp-json\/wp\/v2\/types\/post"}],"author":[{"embeddable":true,"href":"https:\/\/www.tucomarca.com\/wordpress\/segunda\/wp-json\/wp\/v2\/users\/1"}],"replies":[{"embeddable":true,"href":"https:\/\/www.tucomarca.com\/wordpress\/segunda\/wp-json\/wp\/v2\/comments?post=100830"}],"version-history":[{"count":0,"href":"https:\/\/www.tucomarca.com\/wordpress\/segunda\/wp-json\/wp\/v2\/posts\/100830\/revisions"}],"wp:featuredmedia":[{"embeddable":true,"href":"https:\/\/www.tucomarca.com\/wordpress\/segunda\/wp-json\/wp\/v2\/media\/100834"}],"wp:attachment":[{"href":"https:\/\/www.tucomarca.com\/wordpress\/segunda\/wp-json\/wp\/v2\/media?parent=100830"}],"wp:term":[{"taxonomy":"category","embeddable":true,"href":"https:\/\/www.tucomarca.com\/wordpress\/segunda\/wp-json\/wp\/v2\/categories?post=100830"},{"taxonomy":"post_tag","embeddable":true,"href":"https:\/\/www.tucomarca.com\/wordpress\/segunda\/wp-json\/wp\/v2\/tags?post=100830"}],"curies":[{"name":"wp","href":"https:\/\/api.w.org\/{rel}","templated":true}]}}