{"id":100839,"date":"2020-03-10T19:33:16","date_gmt":"2020-03-10T17:33:16","guid":{"rendered":"http:\/\/www.tucomarca.com\/wordpress\/segunda\/?p=100839"},"modified":"2020-03-10T19:33:19","modified_gmt":"2020-03-10T17:33:19","slug":"el-gran-premio-de-la-comunitat-valenciana-de-cheste-cambia-su-fecha-al-22-de-noviembre","status":"publish","type":"post","link":"https:\/\/www.tucomarca.com\/wordpress\/segunda\/el-gran-premio-de-la-comunitat-valenciana-de-cheste-cambia-su-fecha-al-22-de-noviembre\/","title":{"rendered":"El Gran Premio de la Comunitat Valenciana de Cheste cambia su fecha al 22 de noviembre"},"content":{"rendered":"\n<p>El Gran Premio Motul de la Comunitat Valenciana se celebrar\u00e1 del 20 al 22 de noviembre, una semana despu\u00e9s de lo previsto tras los ajustes del calendario anunciados por la organizaci\u00f3n del Campeonato del Mundo de Motociclismo.<\/p>\n\n\n\n<p>Seg\u00fan ha informado Dorna Sports, organizador del campeonato, en un comunicado, \u00abla Federaci\u00f3n Internacional de Motociclismo (FIM), la Asociaci\u00f3n Internacional de Equipos de Competici\u00f3n (IRTA) y Dorna Sports lamentan anunciar que el Gran Premio Red Bull de las Am\u00e9ricas, programado para el 5 de abril, se pospone debido a la crisis del coronavirus hasta el 15 de noviembre\u00bb.<\/p>\n\n\n\n<p>De esta forma, la fecha de celebraci\u00f3n del Gran Premio Motul de la Comunitat Valenciana se aplaza una semana para cerrar un a\u00f1o m\u00e1s el calendario internacional de motociclismo los d\u00edas 20, 21 y 22 de noviembre.<\/p>\n\n\n\n<p>Las personas aficionadas que, debido a esta modificaci\u00f3n del calendario, deseen devolver sus entradas podr\u00e1n hacerlo hasta el d\u00eda 15 de abril.<\/p>\n","protected":false},"excerpt":{"rendered":"<div class=\"mh-excerpt\">El Gran Premio Motul de la Comunitat Valenciana se celebrar\u00e1 del 20 al 22 de noviembre, una semana despu\u00e9s de lo previsto tras los ajustes del calendario anunciados por la organizaci\u00f3n del Campeonato del Mundo <a class=\"mh-excerpt-more\" href=\"https:\/\/www.tucomarca.com\/wordpress\/segunda\/el-gran-premio-de-la-comunitat-valenciana-de-cheste-cambia-su-fecha-al-22-de-noviembre\/\" title=\"El Gran Premio de la Comunitat Valenciana de Cheste cambia su fecha al 22 de noviembre\">[+] <\/a><\/div>\n","protected":false},"author":1,"featured_media":100832,"comment_status":"open","ping_status":"open","sticky":false,"template":"","format":"standard","meta":{"footnotes":""},"categories":[17,6,10,91,3,45],"tags":[10379,10661],"class_list":{"0":"post-100839","1":"post","2":"type-post","3":"status-publish","4":"format-standard","5":"has-post-thumbnail","7":"category-cheste","8":"category-deportes","9":"category-la-hoya","10":"category-motociclismo","11":"category-seccion","12":"category-ventana","13":"tag-deportes","14":"tag-esports"},"_links":{"self":[{"href":"https:\/\/www.tucomarca.com\/wordpress\/segunda\/wp-json\/wp\/v2\/posts\/100839","targetHints":{"allow":["GET"]}}],"collection":[{"href":"https:\/\/www.tucomarca.com\/wordpress\/segunda\/wp-json\/wp\/v2\/posts"}],"about":[{"href":"https:\/\/www.tucomarca.com\/wordpress\/segunda\/wp-json\/wp\/v2\/types\/post"}],"author":[{"embeddable":true,"href":"https:\/\/www.tucomarca.com\/wordpress\/segunda\/wp-json\/wp\/v2\/users\/1"}],"replies":[{"embeddable":true,"href":"https:\/\/www.tucomarca.com\/wordpress\/segunda\/wp-json\/wp\/v2\/comments?post=100839"}],"version-history":[{"count":0,"href":"https:\/\/www.tucomarca.com\/wordpress\/segunda\/wp-json\/wp\/v2\/posts\/100839\/revisions"}],"wp:featuredmedia":[{"embeddable":true,"href":"https:\/\/www.tucomarca.com\/wordpress\/segunda\/wp-json\/wp\/v2\/media\/100832"}],"wp:attachment":[{"href":"https:\/\/www.tucomarca.com\/wordpress\/segunda\/wp-json\/wp\/v2\/media?parent=100839"}],"wp:term":[{"taxonomy":"category","embeddable":true,"href":"https:\/\/www.tucomarca.com\/wordpress\/segunda\/wp-json\/wp\/v2\/categories?post=100839"},{"taxonomy":"post_tag","embeddable":true,"href":"https:\/\/www.tucomarca.com\/wordpress\/segunda\/wp-json\/wp\/v2\/tags?post=100839"}],"curies":[{"name":"wp","href":"https:\/\/api.w.org\/{rel}","templated":true}]}}