{"id":10086,"date":"2012-12-18T17:55:50","date_gmt":"2012-12-18T16:55:50","guid":{"rendered":"http:\/\/www.tucomarca.com\/wordpress\/segunda\/?p=10086"},"modified":"2012-12-18T17:55:53","modified_gmt":"2012-12-18T16:55:53","slug":"csi%c2%b7f-reelige-a-francisco-penalosa-como-presidente-provincial-de-administracion-local","status":"publish","type":"post","link":"https:\/\/www.tucomarca.com\/wordpress\/segunda\/csi%c2%b7f-reelige-a-francisco-penalosa-como-presidente-provincial-de-administracion-local\/","title":{"rendered":"CSI\u00b7F reelige a Francisco Pe\u00f1alosa como presidente provincial de Administraci\u00f3n Local"},"content":{"rendered":"<p><figure id=\"attachment_10087\" aria-describedby=\"caption-attachment-10087\" style=\"width: 300px\" class=\"wp-caption alignleft\"><a href=\"https:\/\/www.tucomarca.com\/wordpress\/segunda\/?attachment_id=10087\" rel=\"attachment wp-att-10087\"><img loading=\"lazy\" decoding=\"async\" src=\"https:\/\/www.tucomarca.com\/wordpress\/segunda\/wp-content\/uploads\/2012\/12\/Paco-Pe\u00f1alosa-300x259.jpg\" alt=\"\" title=\"Paco Pe\u00f1alosa\" width=\"300\" height=\"259\" class=\"size-medium wp-image-10087\" srcset=\"https:\/\/www.tucomarca.com\/wordpress\/segunda\/wp-content\/uploads\/2012\/12\/Paco-Pe\u00f1alosa-300x259.jpg 300w, https:\/\/www.tucomarca.com\/wordpress\/segunda\/wp-content\/uploads\/2012\/12\/Paco-Pe\u00f1alosa-1024x885.jpg 1024w, https:\/\/www.tucomarca.com\/wordpress\/segunda\/wp-content\/uploads\/2012\/12\/Paco-Pe\u00f1alosa.jpg 1200w\" sizes=\"auto, (max-width: 300px) 100vw, 300px\" \/><\/a><figcaption id=\"caption-attachment-10087\" class=\"wp-caption-text\">Pe\u00f1alosa ha incentivado la formaci\u00f3n de los agentes. tc.c<\/figcaption><\/figure>El sindicato CSI\u00b7F ha reelegido, por unanimidad, presidente provincial de Administraci\u00f3n Local a Francisco Pe\u00f1alosa. Los delegados asistentes al IV Congreso del sector han confiado de nuevo en este vecino de Sueca, localidad en la que ha ejercido como agente y como oficial de Polic\u00eda Local.<br \/>\nPe\u00f1alosa ocupa el cargo de presidente provincial desde hace cuatro a\u00f1os, ya que fue elegido en el anterior congreso del sector. Durante su mandato resalta el impulso de la formaci\u00f3n. En este periodo ha desarrollado 140 cursos en los que han participado unos 4.000 alumnos que han podido mejorar sus habilidades y preparaci\u00f3n para ofrecer un servicio de la m\u00e1xima calidad al ciudadano. Tambi\u00e9n en este cuatrienio la representaci\u00f3n sindical de CSI\u00b7F en ayuntamientos ha crecido un 15 por ciento en la provincia.<br \/>\nEl renovado presidente de Administraci\u00f3n Local, que ha obtenido el apoyo de los 32 delegados asistentes al congreso, destac\u00f3 que el pr\u00f3ximo mandato que inicia lo cimentar\u00e1 en los pilares de \u201cmodernidad, consenso y participaci\u00f3n\u201d. La candidatura, \u00fanica presentada, est\u00e1 integrada tambi\u00e9n por In\u00e9s Herraiz, Inmaculada Aparisi, Carmen Pomer y Francisco Cortina.<br \/>\nLa presidenta de la Uni\u00f3n Provincial de CSI\u00b7F Valencia, Paula Bre\u00f1as, ha destacado de Pe\u00f1alosa que es \u201cpersona de paz y consenso\u201d y rasgos como \u201cintegridad, sensatez, coherencia y trabajo\u201d.<\/p>\n","protected":false},"excerpt":{"rendered":"<div class=\"mh-excerpt\">El sindicato CSI\u00b7F ha reelegido, por unanimidad, presidente provincial de Administraci\u00f3n Local a Francisco Pe\u00f1alosa. Los delegados asistentes al IV Congreso del sector han confiado de nuevo en este vecino de Sueca, localidad en la <a class=\"mh-excerpt-more\" href=\"https:\/\/www.tucomarca.com\/wordpress\/segunda\/csi%c2%b7f-reelige-a-francisco-penalosa-como-presidente-provincial-de-administracion-local\/\" title=\"CSI\u00b7F reelige a Francisco Pe\u00f1alosa como presidente provincial de Administraci\u00f3n Local\">[+] <\/a><\/div>\n","protected":false},"author":2,"featured_media":10087,"comment_status":"open","ping_status":"open","sticky":false,"template":"","format":"standard","meta":{"footnotes":""},"categories":[8,72,10,3],"tags":[],"class_list":{"0":"post-10086","1":"post","2":"type-post","3":"status-publish","4":"format-standard","5":"has-post-thumbnail","7":"category-la-comarca","8":"category-sin-categorizar","9":"category-la-hoya","10":"category-seccion"},"_links":{"self":[{"href":"https:\/\/www.tucomarca.com\/wordpress\/segunda\/wp-json\/wp\/v2\/posts\/10086","targetHints":{"allow":["GET"]}}],"collection":[{"href":"https:\/\/www.tucomarca.com\/wordpress\/segunda\/wp-json\/wp\/v2\/posts"}],"about":[{"href":"https:\/\/www.tucomarca.com\/wordpress\/segunda\/wp-json\/wp\/v2\/types\/post"}],"author":[{"embeddable":true,"href":"https:\/\/www.tucomarca.com\/wordpress\/segunda\/wp-json\/wp\/v2\/users\/2"}],"replies":[{"embeddable":true,"href":"https:\/\/www.tucomarca.com\/wordpress\/segunda\/wp-json\/wp\/v2\/comments?post=10086"}],"version-history":[{"count":0,"href":"https:\/\/www.tucomarca.com\/wordpress\/segunda\/wp-json\/wp\/v2\/posts\/10086\/revisions"}],"wp:featuredmedia":[{"embeddable":true,"href":"https:\/\/www.tucomarca.com\/wordpress\/segunda\/wp-json\/wp\/v2\/media\/10087"}],"wp:attachment":[{"href":"https:\/\/www.tucomarca.com\/wordpress\/segunda\/wp-json\/wp\/v2\/media?parent=10086"}],"wp:term":[{"taxonomy":"category","embeddable":true,"href":"https:\/\/www.tucomarca.com\/wordpress\/segunda\/wp-json\/wp\/v2\/categories?post=10086"},{"taxonomy":"post_tag","embeddable":true,"href":"https:\/\/www.tucomarca.com\/wordpress\/segunda\/wp-json\/wp\/v2\/tags?post=10086"}],"curies":[{"name":"wp","href":"https:\/\/api.w.org\/{rel}","templated":true}]}}