{"id":10135,"date":"2012-12-20T16:48:07","date_gmt":"2012-12-20T15:48:07","guid":{"rendered":"http:\/\/www.tucomarca.com\/wordpress\/segunda\/?p=10135"},"modified":"2012-12-20T16:50:35","modified_gmt":"2012-12-20T15:50:35","slug":"el-consell-mejora-la-empleabilidad-y-la-cualificacion-de-54-desempleados-de-onda-y-betera","status":"publish","type":"post","link":"https:\/\/www.tucomarca.com\/wordpress\/segunda\/el-consell-mejora-la-empleabilidad-y-la-cualificacion-de-54-desempleados-de-onda-y-betera\/","title":{"rendered":"El Consell mejora la empleabilidad y la cualificaci\u00f3n de 54 desempleados de Onda y B\u00e9tera"},"content":{"rendered":"<p><figure id=\"attachment_10136\" aria-describedby=\"caption-attachment-10136\" style=\"width: 300px\" class=\"wp-caption alignleft\"><a href=\"https:\/\/www.tucomarca.com\/wordpress\/segunda\/?attachment_id=10136\" rel=\"attachment wp-att-10136\"><img loading=\"lazy\" decoding=\"async\" src=\"https:\/\/www.tucomarca.com\/wordpress\/segunda\/wp-content\/uploads\/2012\/12\/201212_Onda_y_Betera-300x210.jpg\" alt=\"\" title=\"201212_Onda_y_Betera\" width=\"300\" height=\"210\" class=\"size-medium wp-image-10136\" \/><\/a><figcaption id=\"caption-attachment-10136\" class=\"wp-caption-text\">La iniciativa ha sido bien acogida tanto en B\u00e9tera como en Onda. tc.c<\/figcaption><\/figure>El director general de Empleo e Inserci\u00f3n Laboral, Felipe Codina, ha asegurado que desde la Generalitat se ha impulsado \u00abla empleabilidad de 54 desempleados de Onda y B\u00e9tera orientando su cualificaci\u00f3n hacia nuevos yacimientos de empleo, como la atenci\u00f3n geri\u00e1trica y el desarrollo tur\u00edstico, y hacia actividades como alba\u00f1iler\u00eda, carpinter\u00eda y electricidad\u00bb<br \/>\nCodina ha asistido a la clausura del los Talleres de Empleo de Onda y B\u00e9tera, que han contado con una aportaci\u00f3n desde la Administraci\u00f3n auton\u00f3mica superior al mill\u00f3n de euros. El director general ha asistido a los actos acompa\u00f1ado por los alcaldes de Onda, Salvador Aguilella, y de B\u00e9tera, Germ\u00e1n Cotanda.<br \/>\nDurante su intervenci\u00f3n, ha destacado que los programas mixtos de formaci\u00f3n y empleo del Consell \u00abtiene como objetivo aumentar la cualificaci\u00f3n y las opciones de inserci\u00f3n laboral de los trabajadores desempleados combinando la formaci\u00f3n con un empleo remunerado\u00bb.<br \/>\n\u00abMediante estos programas, se consigue una doble finalidad, por un lado, facilitar la formaci\u00f3n profesional adaptada a las demandas de la sociedad, y por otro, servir al municipio en la prestaci\u00f3n de servicios b\u00e1sicos para la comunidad\u00bb ha se\u00f1alado Codina.<br \/>\nAs\u00ed, ha recordado que los talleres empleo \u00abson programas mixtos de empleo y formaci\u00f3n orientados a conseguir la inserci\u00f3n laboral de j\u00f3venes desempleados mayores de 25 a\u00f1os a trav\u00e9s de su cualificaci\u00f3n en alternancia con la pr\u00e1ctica profesional\u00bb.<br \/>\nDe igual manera, ha insistido \u00aben la necesidad de dar continuidad a la actividad de los alumnos trabajadores participantes en los talleres de empleo, mediante su contrataci\u00f3n, por alguna empresa o por cuenta propia, a trav\u00e9s de una serie de incentivos, una vez que haya terminado la actividad de la misma\u00bb.<\/p>\n<p>Taller de Onda<br \/>\nEl Taller de Empleo de Onda, seg\u00fan ha manifestado el director general de Empleo e Inserci\u00f3n Laboral, ha mejorado la empleabilidad y cualificaci\u00f3n de 24 desempleados de la localidad en actividades relacionadas con sectores emergentes, como son la atenci\u00f3n geri\u00e1trica y la prestaci\u00f3n de servicios tur\u00edsticos.<br \/>\nEste taller, que ha contado con una portaci\u00f3n de la Generalitat de 455.563 euros, ha permitiendo promover el reciclaje de trabajadores hacia servicios comunitarios como atenci\u00f3n sociosanitaria y geri\u00e1trica y desarrollo tur\u00edstico\u00b8 cuya cualificaci\u00f3n est\u00e1 siendo demanda por la sociedad.<\/p>\n<p>Taller de B\u00e9tera<br \/>\nPor su parte, el Taller de Empleo de B\u00e9tera, cuya aportaci\u00f3n ha ascendido a los 565.000 euros, ha permitido especializar a 30 parados en profesiones de fontaner\u00eda, electricidad, carpinter\u00eda y alba\u00f1iler\u00eda, dejando de ser alumnos para convertirse en profesionales cualificados en estas materias.<br \/>\nEstos alumnos adem\u00e1s durante el periodo de duraci\u00f3n del taller han podido combinar la formaci\u00f3n te\u00f3rica con las pr\u00e1cticas remuneradas, realizando servicios de mantenimiento relacionados con su materia (electricidad, carpinter\u00eda y alba\u00f1iler\u00eda) para el ayuntamiento. <\/p>\n","protected":false},"excerpt":{"rendered":"<div class=\"mh-excerpt\">El director general de Empleo e Inserci\u00f3n Laboral, Felipe Codina, ha asegurado que desde la Generalitat se ha impulsado \u00abla empleabilidad de 54 desempleados de Onda y B\u00e9tera orientando su cualificaci\u00f3n hacia nuevos yacimientos de <a class=\"mh-excerpt-more\" href=\"https:\/\/www.tucomarca.com\/wordpress\/segunda\/el-consell-mejora-la-empleabilidad-y-la-cualificacion-de-54-desempleados-de-onda-y-betera\/\" title=\"El Consell mejora la empleabilidad y la cualificaci\u00f3n de 54 desempleados de Onda y B\u00e9tera\">[+] <\/a><\/div>\n","protected":false},"author":2,"featured_media":10136,"comment_status":"open","ping_status":"open","sticky":false,"template":"","format":"standard","meta":{"footnotes":""},"categories":[51,46,8,72,3,45],"tags":[],"class_list":{"0":"post-10135","1":"post","2":"type-post","3":"status-publish","4":"format-standard","5":"has-post-thumbnail","7":"category-betera","8":"category-camp-de-turia","9":"category-la-comarca","10":"category-sin-categorizar","11":"category-seccion","12":"category-ventana"},"_links":{"self":[{"href":"https:\/\/www.tucomarca.com\/wordpress\/segunda\/wp-json\/wp\/v2\/posts\/10135","targetHints":{"allow":["GET"]}}],"collection":[{"href":"https:\/\/www.tucomarca.com\/wordpress\/segunda\/wp-json\/wp\/v2\/posts"}],"about":[{"href":"https:\/\/www.tucomarca.com\/wordpress\/segunda\/wp-json\/wp\/v2\/types\/post"}],"author":[{"embeddable":true,"href":"https:\/\/www.tucomarca.com\/wordpress\/segunda\/wp-json\/wp\/v2\/users\/2"}],"replies":[{"embeddable":true,"href":"https:\/\/www.tucomarca.com\/wordpress\/segunda\/wp-json\/wp\/v2\/comments?post=10135"}],"version-history":[{"count":0,"href":"https:\/\/www.tucomarca.com\/wordpress\/segunda\/wp-json\/wp\/v2\/posts\/10135\/revisions"}],"wp:featuredmedia":[{"embeddable":true,"href":"https:\/\/www.tucomarca.com\/wordpress\/segunda\/wp-json\/wp\/v2\/media\/10136"}],"wp:attachment":[{"href":"https:\/\/www.tucomarca.com\/wordpress\/segunda\/wp-json\/wp\/v2\/media?parent=10135"}],"wp:term":[{"taxonomy":"category","embeddable":true,"href":"https:\/\/www.tucomarca.com\/wordpress\/segunda\/wp-json\/wp\/v2\/categories?post=10135"},{"taxonomy":"post_tag","embeddable":true,"href":"https:\/\/www.tucomarca.com\/wordpress\/segunda\/wp-json\/wp\/v2\/tags?post=10135"}],"curies":[{"name":"wp","href":"https:\/\/api.w.org\/{rel}","templated":true}]}}