{"id":101351,"date":"2020-03-19T21:08:53","date_gmt":"2020-03-19T19:08:53","guid":{"rendered":"http:\/\/www.tucomarca.com\/wordpress\/segunda\/?p=101351"},"modified":"2020-03-19T21:15:17","modified_gmt":"2020-03-19T19:15:17","slug":"la-generalitat-encarga-la-construcion-de-tres-hospitales-de-campana-con-capacidad-para-1-100-camas-en-valencia-alicante-y-castello-para-atender-la-emergencia-del-coronavirus","status":"publish","type":"post","link":"https:\/\/www.tucomarca.com\/wordpress\/segunda\/la-generalitat-encarga-la-construcion-de-tres-hospitales-de-campana-con-capacidad-para-1-100-camas-en-valencia-alicante-y-castello-para-atender-la-emergencia-del-coronavirus\/","title":{"rendered":"La Generalitat encarga la construci\u00f3n de tres hospitales de campa\u00f1a con capacidad para 1.100 camas en Val\u00e8ncia, Alicante y Castell\u00f3 para atender la emergencia del coronavirus"},"content":{"rendered":"\n<figure class=\"wp-block-image\"><img loading=\"lazy\" decoding=\"async\" width=\"690\" height=\"230\" src=\"https:\/\/www.tucomarca.com\/wordpress\/segunda\/wp-content\/uploads\/2020\/03\/HospitalCampanaCoro2.jpg\" alt=\"\" class=\"wp-image-101360\" srcset=\"https:\/\/www.tucomarca.com\/wordpress\/segunda\/wp-content\/uploads\/2020\/03\/HospitalCampanaCoro2.jpg 690w, https:\/\/www.tucomarca.com\/wordpress\/segunda\/wp-content\/uploads\/2020\/03\/HospitalCampanaCoro2-300x100.jpg 300w\" sizes=\"auto, (max-width: 690px) 100vw, 690px\" \/><\/figure>\n\n\n\n<p>El president de la Generalitat, Ximo Puig, ha anunciado este jueves la contrataci\u00f3n de la construcci\u00f3n de tres hospitales de campa\u00f1a, uno en cada capital de provincia, con capacidad para 1.100 camas en total, de las que 500 camas estar\u00e1n ya disponibles en 15 d\u00edas, por si resultaran necesarias para hacer frente a la emergencia sanitaria del coronavirus.<\/p>\n\n\n\n<p>El responsable del Consell ha realizado estas declaraciones tras mantener en el Palau de la Generalitat, acompa\u00f1ado del conseller de Pol\u00edtica Territorial, Arcadi Espa\u00f1a, una reuni\u00f3n por videoconferencia con la consellera de Sanidad Universal y Salud P\u00fablica, Ana Barcel\u00f3, para analizar la situaci\u00f3n de la atenci\u00f3n sanitaria en la Comunitat Valenciana.&nbsp;<\/p>\n\n\n\n<p>Los tres hospitales de campa\u00f1a, que se ubicar\u00e1n junto a hospitales de referencia en las tres capitales de provincia, supondr\u00e1n un incremento de 1.100 nuevas camas al sistema hospitalario, que se distribuir\u00e1n de la siguiente forma: 500 en Val\u00e8ncia, 400 en Alicante y 200 en Castell\u00f3. La mitad de estas camas estar\u00e1n disponibles en un plazo de 15 d\u00edas.<\/p>\n\n\n\n<p>Tal y como ha avanzado, la Generalitat, a trav\u00e9s de la Conselleria de Justicia, ha contratado la construcci\u00f3n de estos hospitales de campa\u00f1a, una medida cuyo objetivo es \u00abdotar de la m\u00e1xima seguridad a todo el sistema sanitario valenciano\u00bb. \u00abHasta el momento, los recursos son suficientes para atender la demanda asistencial, pero es preciso tener planificados todos los escenarios para anticiparnos a las necesidades\u00bb, ha asegurado.<\/p>\n\n\n\n<p>El president ha a\u00f1adido que la Generalitat \u00abest\u00e1 trabajando para poner todos los medios necesarios\u00bb con el fin de anticiparse \u00aba cualquier situaci\u00f3n que pudiera presentarse\u00bb ante un previsible incremento de la presi\u00f3n asistencial.<\/p>\n\n\n\n<p>Adem\u00e1s, se est\u00e1 negociando con el sector hotelero y ya se han cerrado los dos primeros acuerdos para contar con sendos hoteles en Val\u00e8ncia y en Alicante, para atender a pacientes afectados por el coronavirus.<\/p>\n\n\n\n<p><strong>Centros adaptados a las necesidades de la emergencia<\/strong><\/p>\n\n\n\n<p>Los hospitales de campa\u00f1a que la Generalitat va a poner en marcha se instalar\u00e1n cerca de hospitales de referencia y ser\u00e1n centros asistenciales dotados de interoperabilidad con el hospital central de referencia gracias un sistema de comunicaciones, adem\u00e1s de modulables de acuerdo con las necesidades operativas y climatizados.<\/p>\n\n\n\n<p>Cada uno de los hospitales de campa\u00f1a estar\u00e1 dotado de los elementos cl\u00ednicos y log\u00edsticos necesarios y dispondr\u00e1 de servicios tales como unidades de aislamiento, zonas independientes de recepci\u00f3n, triaje y \u00e1reas de ba\u00f1os y servicios y de descanso para el personal sanitario.<\/p>\n\n\n\n<p>Estas infraestructuras sanitarias, cuyo proceso constructivo y dise\u00f1o se va a adaptar a las necesidades producidas por la emergencia del coronavirus, tendr\u00e1n las mismas prestaciones que un hospital de construcci\u00f3n, ya que, para su puesta en funcionamiento, se emplear\u00e1n materiales que permiten un aislamiento completo del exterior.&nbsp;<\/p>\n\n\n\n<p>Se trata, adem\u00e1s, de hospitales de campa\u00f1a dise\u00f1ados para su funcionamiento durante grandes periodos de tiempo, formados por contenedores desplegables conectados entre s\u00ed mediante t\u00faneles.<\/p>\n","protected":false},"excerpt":{"rendered":"<div class=\"mh-excerpt\">El president de la Generalitat, Ximo Puig, ha anunciado este jueves la contrataci\u00f3n de la construcci\u00f3n de tres hospitales de campa\u00f1a, uno en cada capital de provincia, con capacidad para 1.100 camas en total, de <a class=\"mh-excerpt-more\" href=\"https:\/\/www.tucomarca.com\/wordpress\/segunda\/la-generalitat-encarga-la-construcion-de-tres-hospitales-de-campana-con-capacidad-para-1-100-camas-en-valencia-alicante-y-castello-para-atender-la-emergencia-del-coronavirus\/\" title=\"La Generalitat encarga la construci\u00f3n de tres hospitales de campa\u00f1a con capacidad para 1.100 camas en Val\u00e8ncia, Alicante y Castell\u00f3 para atender la emergencia del coronavirus\">[+] <\/a><\/div>\n","protected":false},"author":1,"featured_media":101356,"comment_status":"open","ping_status":"open","sticky":false,"template":"","format":"standard","meta":{"footnotes":""},"categories":[119,128,8,72,117,142,3,116,45],"tags":[11937,11938,11951],"class_list":{"0":"post-101351","1":"post","2":"type-post","3":"status-publish","4":"format-standard","5":"has-post-thumbnail","7":"category-sanidad-la-comarca","8":"category-infraestructuras","9":"category-la-comarca","10":"category-sin-categorizar","11":"category-medio-ambiente-la-comarca","12":"category-politica-la-comarca","13":"category-seccion","14":"category-sucesos-la-comarca","15":"category-ventana","16":"tag-coronavirus","17":"tag-covid-19","18":"tag-covid2019"},"_links":{"self":[{"href":"https:\/\/www.tucomarca.com\/wordpress\/segunda\/wp-json\/wp\/v2\/posts\/101351","targetHints":{"allow":["GET"]}}],"collection":[{"href":"https:\/\/www.tucomarca.com\/wordpress\/segunda\/wp-json\/wp\/v2\/posts"}],"about":[{"href":"https:\/\/www.tucomarca.com\/wordpress\/segunda\/wp-json\/wp\/v2\/types\/post"}],"author":[{"embeddable":true,"href":"https:\/\/www.tucomarca.com\/wordpress\/segunda\/wp-json\/wp\/v2\/users\/1"}],"replies":[{"embeddable":true,"href":"https:\/\/www.tucomarca.com\/wordpress\/segunda\/wp-json\/wp\/v2\/comments?post=101351"}],"version-history":[{"count":0,"href":"https:\/\/www.tucomarca.com\/wordpress\/segunda\/wp-json\/wp\/v2\/posts\/101351\/revisions"}],"wp:featuredmedia":[{"embeddable":true,"href":"https:\/\/www.tucomarca.com\/wordpress\/segunda\/wp-json\/wp\/v2\/media\/101356"}],"wp:attachment":[{"href":"https:\/\/www.tucomarca.com\/wordpress\/segunda\/wp-json\/wp\/v2\/media?parent=101351"}],"wp:term":[{"taxonomy":"category","embeddable":true,"href":"https:\/\/www.tucomarca.com\/wordpress\/segunda\/wp-json\/wp\/v2\/categories?post=101351"},{"taxonomy":"post_tag","embeddable":true,"href":"https:\/\/www.tucomarca.com\/wordpress\/segunda\/wp-json\/wp\/v2\/tags?post=101351"}],"curies":[{"name":"wp","href":"https:\/\/api.w.org\/{rel}","templated":true}]}}