{"id":101463,"date":"2020-03-20T15:00:58","date_gmt":"2020-03-20T13:00:58","guid":{"rendered":"http:\/\/www.tucomarca.com\/wordpress\/segunda\/?p=101463"},"modified":"2020-03-20T15:06:52","modified_gmt":"2020-03-20T13:06:52","slug":"el-ayuntamiento-de-requena-procede-a-la-desinfeccion-de-las-calles","status":"publish","type":"post","link":"https:\/\/www.tucomarca.com\/wordpress\/segunda\/el-ayuntamiento-de-requena-procede-a-la-desinfeccion-de-las-calles\/","title":{"rendered":"El Ayuntamiento de Requena procede a la desinfecci\u00f3n de las calles"},"content":{"rendered":"\n<p>El consistorio requenense, siguiendo las indicaciones del Ministerio de Sanidad, est\u00e1 procediendo a la desinfecci\u00f3n de las calles del municipio.<\/p>\n\n\n\n<p>Esta desinfecci\u00f3n se est\u00e1 realizando de 4 formas diferentes:<\/p>\n\n\n\n<p>-Barrido h\u00famedo de las calles con las barredoras.<\/p>\n\n\n\n<p>-Baldeo de las calles con agua reforzada.<\/p>\n\n\n\n<p>-Limpieza con hidrolimpiadora.<\/p>\n\n\n\n<p>-Desinfecci\u00f3n con mochilas pulverizadoras.<\/p>\n\n\n\n<p>En estos momentos se est\u00e1 priorizando la limpieza de las zonas m\u00e1s concurridas y se ir\u00e1 ampliando posteriormente.<\/p>\n\n\n\n<p>Desde el Ayuntamiento de Requena queremos agradecer a la multitud de agricultores que se han ofrecido a colaborar en las tareas de desinfecci\u00f3n.<\/p>\n\n\n\n<p>Este consistorio est\u00e1 ya en coordinaci\u00f3n con los alcaldes ped\u00e1neos para poder canalizar dichos ofrecimientos y poder llegar as\u00ed a todas las partes de nuestro municipio.<\/p>\n\n\n\n<p>Adem\u00e1s, Fovasa, la empresa de recogida de Residuos S\u00f3lidos Urbanos, est\u00e1 tambi\u00e9n procediendo a la desinfecci\u00f3n de los contenedores.<\/p>\n\n\n\n<p>Por \u00faltimo, desde el Ayuntamiento de Requena se recuerda que nadie puede salir por su cuenta a limpiar las calles, ya que las restricciones por el estado de alarma nos afectan a todos.<\/p>\n\n\n\n<p>Es fundamental que se salga de casa s\u00f3lo si es indispensable.<\/p>\n\n\n\n<p>Est\u00e1 en mano de toda la ciudadan\u00eda que estas medidas tengan \u00e9xito y se pueda recuperar la normalidad lo antes posible.<br><\/p>\n","protected":false},"excerpt":{"rendered":"<div class=\"mh-excerpt\">El consistorio requenense, siguiendo las indicaciones del Ministerio de Sanidad, est\u00e1 procediendo a la desinfecci\u00f3n de las calles del municipio. Esta desinfecci\u00f3n se est\u00e1 realizando de 4 formas diferentes: -Barrido h\u00famedo de las calles con <a class=\"mh-excerpt-more\" href=\"https:\/\/www.tucomarca.com\/wordpress\/segunda\/el-ayuntamiento-de-requena-procede-a-la-desinfeccion-de-las-calles\/\" title=\"El Ayuntamiento de Requena procede a la desinfecci\u00f3n de las calles\">[+] <\/a><\/div>\n","protected":false},"author":1,"featured_media":101464,"comment_status":"open","ping_status":"open","sticky":false,"template":"","format":"standard","meta":{"footnotes":""},"categories":[119,128,8,117,142,28,27,3,116],"tags":[11937,11938,11951],"class_list":{"0":"post-101463","1":"post","2":"type-post","3":"status-publish","4":"format-standard","5":"has-post-thumbnail","7":"category-sanidad-la-comarca","8":"category-infraestructuras","9":"category-la-comarca","10":"category-medio-ambiente-la-comarca","11":"category-politica-la-comarca","12":"category-requena","13":"category-requena-utiel","14":"category-seccion","15":"category-sucesos-la-comarca","16":"tag-coronavirus","17":"tag-covid-19","18":"tag-covid2019"},"_links":{"self":[{"href":"https:\/\/www.tucomarca.com\/wordpress\/segunda\/wp-json\/wp\/v2\/posts\/101463","targetHints":{"allow":["GET"]}}],"collection":[{"href":"https:\/\/www.tucomarca.com\/wordpress\/segunda\/wp-json\/wp\/v2\/posts"}],"about":[{"href":"https:\/\/www.tucomarca.com\/wordpress\/segunda\/wp-json\/wp\/v2\/types\/post"}],"author":[{"embeddable":true,"href":"https:\/\/www.tucomarca.com\/wordpress\/segunda\/wp-json\/wp\/v2\/users\/1"}],"replies":[{"embeddable":true,"href":"https:\/\/www.tucomarca.com\/wordpress\/segunda\/wp-json\/wp\/v2\/comments?post=101463"}],"version-history":[{"count":0,"href":"https:\/\/www.tucomarca.com\/wordpress\/segunda\/wp-json\/wp\/v2\/posts\/101463\/revisions"}],"wp:featuredmedia":[{"embeddable":true,"href":"https:\/\/www.tucomarca.com\/wordpress\/segunda\/wp-json\/wp\/v2\/media\/101464"}],"wp:attachment":[{"href":"https:\/\/www.tucomarca.com\/wordpress\/segunda\/wp-json\/wp\/v2\/media?parent=101463"}],"wp:term":[{"taxonomy":"category","embeddable":true,"href":"https:\/\/www.tucomarca.com\/wordpress\/segunda\/wp-json\/wp\/v2\/categories?post=101463"},{"taxonomy":"post_tag","embeddable":true,"href":"https:\/\/www.tucomarca.com\/wordpress\/segunda\/wp-json\/wp\/v2\/tags?post=101463"}],"curies":[{"name":"wp","href":"https:\/\/api.w.org\/{rel}","templated":true}]}}