{"id":101524,"date":"2020-03-20T22:27:12","date_gmt":"2020-03-20T20:27:12","guid":{"rendered":"http:\/\/www.tucomarca.com\/wordpress\/segunda\/?p=101524"},"modified":"2020-03-20T22:27:15","modified_gmt":"2020-03-20T20:27:15","slug":"la-dgt-y-la-guardia-civil-establecen-controles-en-carreteras-para-evitar-desplazamientos-a-segundas-residencias","status":"publish","type":"post","link":"https:\/\/www.tucomarca.com\/wordpress\/segunda\/la-dgt-y-la-guardia-civil-establecen-controles-en-carreteras-para-evitar-desplazamientos-a-segundas-residencias\/","title":{"rendered":"La DGT y la Guardia Civil establecen controles en carreteras para evitar desplazamientos a segundas residencias"},"content":{"rendered":"\n<p>La Direcci\u00f3n General de Tr\u00e1fico y la Agrupaci\u00f3n de Tr\u00e1fico de la Guardia Civil establecer\u00e1n controles en las carreteras de salida de las grandes ciudades para evitar los desplazamientos a segundas residencias con motivo de la proximidad del fin de semana.<\/p>\n\n\n\n<p>La Guardia Civil desde el d\u00eda de ayer est\u00e1 realizando 30.000 controles de carretera y se reforzar\u00e1n durante todo el fin de semana con el fin de vigilar el cumplimiento de las restricciones de circulaci\u00f3n impuestas.<\/p>\n\n\n\n<p>Desde la declaraci\u00f3n del Estado de Alarma el pasado s\u00e1bado 14 de marzo, est\u00e1 limitada la libertad de circulaci\u00f3n de las personas y no se puede circular por las v\u00edas de uso p\u00fablico, excepto para la realizaci\u00f3n de las actividades recogidas en el art\u00edculo 7 del RD 463\/2020.<\/p>\n\n\n\n<p>Esta limitaci\u00f3n de la circulaci\u00f3n es una medida imprescindible para hacer frente a la situaci\u00f3n de emergencia de salud p\u00fablica ocasionada por el COVID-19 en la que nos encontramos.<\/p>\n","protected":false},"excerpt":{"rendered":"<div class=\"mh-excerpt\">La Direcci\u00f3n General de Tr\u00e1fico y la Agrupaci\u00f3n de Tr\u00e1fico de la Guardia Civil establecer\u00e1n controles en las carreteras de salida de las grandes ciudades para evitar los desplazamientos a segundas residencias con motivo de <a class=\"mh-excerpt-more\" href=\"https:\/\/www.tucomarca.com\/wordpress\/segunda\/la-dgt-y-la-guardia-civil-establecen-controles-en-carreteras-para-evitar-desplazamientos-a-segundas-residencias\/\" title=\"La DGT y la Guardia Civil establecen controles en carreteras para evitar desplazamientos a segundas residencias\">[+] <\/a><\/div>\n","protected":false},"author":1,"featured_media":97724,"comment_status":"open","ping_status":"open","sticky":false,"template":"","format":"standard","meta":{"footnotes":""},"categories":[119,128,8,72,117,142,3,116,45],"tags":[11937,11938,11951],"class_list":{"0":"post-101524","1":"post","2":"type-post","3":"status-publish","4":"format-standard","5":"has-post-thumbnail","7":"category-sanidad-la-comarca","8":"category-infraestructuras","9":"category-la-comarca","10":"category-sin-categorizar","11":"category-medio-ambiente-la-comarca","12":"category-politica-la-comarca","13":"category-seccion","14":"category-sucesos-la-comarca","15":"category-ventana","16":"tag-coronavirus","17":"tag-covid-19","18":"tag-covid2019"},"_links":{"self":[{"href":"https:\/\/www.tucomarca.com\/wordpress\/segunda\/wp-json\/wp\/v2\/posts\/101524","targetHints":{"allow":["GET"]}}],"collection":[{"href":"https:\/\/www.tucomarca.com\/wordpress\/segunda\/wp-json\/wp\/v2\/posts"}],"about":[{"href":"https:\/\/www.tucomarca.com\/wordpress\/segunda\/wp-json\/wp\/v2\/types\/post"}],"author":[{"embeddable":true,"href":"https:\/\/www.tucomarca.com\/wordpress\/segunda\/wp-json\/wp\/v2\/users\/1"}],"replies":[{"embeddable":true,"href":"https:\/\/www.tucomarca.com\/wordpress\/segunda\/wp-json\/wp\/v2\/comments?post=101524"}],"version-history":[{"count":0,"href":"https:\/\/www.tucomarca.com\/wordpress\/segunda\/wp-json\/wp\/v2\/posts\/101524\/revisions"}],"wp:featuredmedia":[{"embeddable":true,"href":"https:\/\/www.tucomarca.com\/wordpress\/segunda\/wp-json\/wp\/v2\/media\/97724"}],"wp:attachment":[{"href":"https:\/\/www.tucomarca.com\/wordpress\/segunda\/wp-json\/wp\/v2\/media?parent=101524"}],"wp:term":[{"taxonomy":"category","embeddable":true,"href":"https:\/\/www.tucomarca.com\/wordpress\/segunda\/wp-json\/wp\/v2\/categories?post=101524"},{"taxonomy":"post_tag","embeddable":true,"href":"https:\/\/www.tucomarca.com\/wordpress\/segunda\/wp-json\/wp\/v2\/tags?post=101524"}],"curies":[{"name":"wp","href":"https:\/\/api.w.org\/{rel}","templated":true}]}}