{"id":101556,"date":"2020-03-21T13:59:59","date_gmt":"2020-03-21T11:59:59","guid":{"rendered":"http:\/\/www.tucomarca.com\/wordpress\/segunda\/?p=101556"},"modified":"2020-03-21T14:00:01","modified_gmt":"2020-03-21T12:00:01","slug":"sanidad-confirma-258-nuevos-casos-y-eleva-a-1-363-los-positivos-por-coronavirus-en-la-comunitat-valenciana","status":"publish","type":"post","link":"https:\/\/www.tucomarca.com\/wordpress\/segunda\/sanidad-confirma-258-nuevos-casos-y-eleva-a-1-363-los-positivos-por-coronavirus-en-la-comunitat-valenciana\/","title":{"rendered":"Sanidad confirma 258 nuevos casos y eleva a 1.363 los positivos por coronavirus en la Comunitat Valenciana"},"content":{"rendered":"\n<p>La consellera de Sanidad Universal y Salud P\u00fablica, Ana Barcel\u00f3, ha comparecido para actualizar la informaci\u00f3n sobre la incidencia del coronavirus en la Comunitat Valenciana y ha confirmado 258 nuevos casos, que elevan a 1.363 el total de casos positivos, de los cuales 476 se encuentran ingresados en el hospital y 84 de ellos en la UCI.<\/p>\n\n\n\n<p>De los 258 nuevos casos positivos, 20 se encuentran en la provincia de Castell\u00f3n, 107 en la provincia de Alicante y 131 en la de Valencia.&nbsp;<\/p>\n\n\n\n<p>Por provincias, el n\u00famero total de casos positivos es de 124 en la provincia de Castell\u00f3n (47 hospitalizados, 7 de ellos en la UCI), 479 en la provincia de Alicante (183 hospitalizados y 27 de ellos en la UCI) y 758 en la provincia de Valencia (246 hospitalizados y 50 de ellos en la UCI). Adem\u00e1s, hay 2 casos no asignados todav\u00eda porque se est\u00e1n comprobando sus datos. El n\u00famero de profesionales de la Sanidad que han dado positivo en total es de 264.<\/p>\n\n\n\n<p>Por otro lado, la consellera ha lamentado el hecho de que se hayan producido hasta el momento un total de 50 fallecimientos en la Comunitat Valenciana (17 desde la actualizaci\u00f3n de ayer): 2 en la provincia de Castell\u00f3n, 18 en la de Valencia y 30 en la de Alicante. Al mismo tiempo, ha anunciado que, hasta las 20.00 horas de este viernes, se han dado un total de 25 altas, es decir, 25 personas se han curado: 1 en la provincia de Castell\u00f3n, 9 en la de Alicante y 15 en la provincia de Valencia.&nbsp;<\/p>\n\n\n\n<p>Las pruebas que han dado un resultado negativo hasta el momento son 6.430. Adem\u00e1s, en el n\u00famero 900 se han atendido, desde su puesta en marcha, m\u00e1s de 31.700 llamadas. Adem\u00e1s, el &#8216;autotest&#8217; habilitado en la web de la Conselleria para personas con dudas ha recibido m\u00e1s de 1.890.000 visitas.<\/p>\n\n\n\n<p>Por otro lado, desde este viernes est\u00e1 activa la posibilidad de que personal m\u00e9dico y de Enfermer\u00eda jubilado hasta los 70 a\u00f1os y personal facultativo que todav\u00eda no tiene especialidad puedan inscribirse para colaborar con la actual situaci\u00f3n de emergencia sanitaria. La consellera ha anunciado que se han ofrecido voluntariamente ya 1.335 profesionales a trav\u00e9s de la plataforma, lo que \u00absupone una gran noticia que demuestra la solidaridad de profesionales y de la sociedad valenciana\u00bb.&nbsp;<\/p>\n\n\n\n<p><strong>Reorganizaci\u00f3n de recursos humanos<\/strong><\/p>\n\n\n\n<p>La consellera informado adem\u00e1s de que la Conselleria ha empezado a adoptar una serie de medidas relacionadas con la reorganizaci\u00f3n de recursos en Atenci\u00f3n Primaria, sobre todo recursos humanos, con el objetivo de \u00abgarantizar el establecimiento de turnos de trabajo del personal y poder asegurar equipos de sustituci\u00f3n\u00bb, ha apuntado. Estas medidas se van a ir adoptando de manera progresiva en funci\u00f3n de las necesidades.&nbsp;<\/p>\n\n\n\n<p>En esta l\u00ednea, desde este mismo s\u00e1bado, 21 de marzo, se ha procedido a la reorganizaci\u00f3n de la atenci\u00f3n a las personas usuarias del centro de salud de Rafalafena de Castell\u00f3, que van a ser atendidas en los centros de salud de Fernando el Cat\u00f3lico e Illes Columbretes. La atenci\u00f3n va a estar garantizada en estos centros de salud y tambi\u00e9n v\u00eda telef\u00f3nica. Adem\u00e1s, desde el pr\u00f3ximo lunes, el personal sanitario del hospital Cl\u00ednico de Val\u00e8ncia que pasa consulta en el Centro de Especialidades de El Grao, dado que se han suspendido las consultas no urgentes, pasar\u00e1 a reforzar la asistencia en el centro hospitalario.&nbsp;<\/p>\n\n\n\n<p><strong>\u00abNo juguemos. Seamos responsables\u00bb<\/strong><\/p>\n\n\n\n<p>La consellera ha querido volver a lanzar un mensaje de responsabilidad para toda la ciudadan\u00eda recordando que \u00abhay que cumplir las normas de confinamiento\u00bb. \u00abLas salidas solo est\u00e1n permitidas para gestiones muy concretas; si no es para llevarlas a cabo, por favor, no salgan a la calle\u00bb, ha remarcado.<\/p>\n\n\n\n<p>\u00abNo juguemos. Seamos responsables. Creo que la sociedad ya es consciente de la situaci\u00f3n en la que estamos, pero uno solo se cuida si permanece confinado\u00bb, ha agregado Barcel\u00f3. Por ello, ha emplazado a seguir las indicaciones de las fuerzas de seguridad del Estado, que velan por que se cumplan estas normas cada d\u00eda en las calles y a las que ha mostrado su agradecimiento por el trabajo que llevan a cabo.&nbsp;<\/p>\n\n\n\n<p>\u00abNo pongan en juego al resto de los ciudadanos y ciudadanas por no cumplir estas normas\u00bb, ha indicado.<\/p>\n\n\n\n<p>Toda la informaci\u00f3n actualizada:&nbsp;<a href=\"http:\/\/www.san.gva.es\/coronavirus\" target=\"_blank\" rel=\"noreferrer noopener\">consultar aqu\u00ed<\/a><\/p>\n","protected":false},"excerpt":{"rendered":"<div class=\"mh-excerpt\">La consellera de Sanidad Universal y Salud P\u00fablica, Ana Barcel\u00f3, ha comparecido para actualizar la informaci\u00f3n sobre la incidencia del coronavirus en la Comunitat Valenciana y ha confirmado 258 nuevos casos, que elevan a 1.363 <a class=\"mh-excerpt-more\" href=\"https:\/\/www.tucomarca.com\/wordpress\/segunda\/sanidad-confirma-258-nuevos-casos-y-eleva-a-1-363-los-positivos-por-coronavirus-en-la-comunitat-valenciana\/\" title=\"Sanidad confirma 258 nuevos casos y eleva a 1.363 los positivos por coronavirus en la Comunitat Valenciana\">[+] <\/a><\/div>\n","protected":false},"author":1,"featured_media":101090,"comment_status":"open","ping_status":"open","sticky":false,"template":"","format":"standard","meta":{"footnotes":""},"categories":[119,128,8,72,117,142,3,116,45],"tags":[11937,11938,11951],"class_list":{"0":"post-101556","1":"post","2":"type-post","3":"status-publish","4":"format-standard","5":"has-post-thumbnail","7":"category-sanidad-la-comarca","8":"category-infraestructuras","9":"category-la-comarca","10":"category-sin-categorizar","11":"category-medio-ambiente-la-comarca","12":"category-politica-la-comarca","13":"category-seccion","14":"category-sucesos-la-comarca","15":"category-ventana","16":"tag-coronavirus","17":"tag-covid-19","18":"tag-covid2019"},"_links":{"self":[{"href":"https:\/\/www.tucomarca.com\/wordpress\/segunda\/wp-json\/wp\/v2\/posts\/101556","targetHints":{"allow":["GET"]}}],"collection":[{"href":"https:\/\/www.tucomarca.com\/wordpress\/segunda\/wp-json\/wp\/v2\/posts"}],"about":[{"href":"https:\/\/www.tucomarca.com\/wordpress\/segunda\/wp-json\/wp\/v2\/types\/post"}],"author":[{"embeddable":true,"href":"https:\/\/www.tucomarca.com\/wordpress\/segunda\/wp-json\/wp\/v2\/users\/1"}],"replies":[{"embeddable":true,"href":"https:\/\/www.tucomarca.com\/wordpress\/segunda\/wp-json\/wp\/v2\/comments?post=101556"}],"version-history":[{"count":0,"href":"https:\/\/www.tucomarca.com\/wordpress\/segunda\/wp-json\/wp\/v2\/posts\/101556\/revisions"}],"wp:featuredmedia":[{"embeddable":true,"href":"https:\/\/www.tucomarca.com\/wordpress\/segunda\/wp-json\/wp\/v2\/media\/101090"}],"wp:attachment":[{"href":"https:\/\/www.tucomarca.com\/wordpress\/segunda\/wp-json\/wp\/v2\/media?parent=101556"}],"wp:term":[{"taxonomy":"category","embeddable":true,"href":"https:\/\/www.tucomarca.com\/wordpress\/segunda\/wp-json\/wp\/v2\/categories?post=101556"},{"taxonomy":"post_tag","embeddable":true,"href":"https:\/\/www.tucomarca.com\/wordpress\/segunda\/wp-json\/wp\/v2\/tags?post=101556"}],"curies":[{"name":"wp","href":"https:\/\/api.w.org\/{rel}","templated":true}]}}