{"id":102022,"date":"2020-03-30T13:06:42","date_gmt":"2020-03-30T11:06:42","guid":{"rendered":"http:\/\/www.tucomarca.com\/wordpress\/segunda\/?p=102022"},"modified":"2020-03-30T13:06:46","modified_gmt":"2020-03-30T11:06:46","slug":"la-comunitat-suma-326-nuevos-contagios-y-43-fallecidos-mas-el-dia-en-que-en-espana-desciende-por-vez-primera-el-numero-de-fallecidos-y-contagiados","status":"publish","type":"post","link":"https:\/\/www.tucomarca.com\/wordpress\/segunda\/la-comunitat-suma-326-nuevos-contagios-y-43-fallecidos-mas-el-dia-en-que-en-espana-desciende-por-vez-primera-el-numero-de-fallecidos-y-contagiados\/","title":{"rendered":"La Comunitat suma 326 nuevos contagios y 43 fallecidos m\u00e1s el d\u00eda en que en Espa\u00f1a desciende por vez primera el n\u00famero de fallecidos y contagiados"},"content":{"rendered":"\n<p>La consellera de Sanidad Universal y Salud P\u00fablica, Ana Barcel\u00f3, ha comparecido este lunes para actualizar la informaci\u00f3n sobre la incidencia del coronavirus en la Comunitat Valenciana. Barcel\u00f3 ha confirmado 326 nuevos casos positivos, que elevan a 5.110 el total de casos positivos, de los cuales 2.042 se encuentran ingresados en el hospital y 336 de ellos en la UCI.<\/p>\n\n\n\n<p>De los 326 nuevos casos positivos, 44 se encuentran en la provincia de Castell\u00f3n, 105 en la provincia de Alicante y 177 en la de Valencia.&nbsp;<\/p>\n\n\n\n<p>Por provincias, el n\u00famero total de casos positivos es de 586 en la provincia de Castell\u00f3n (241 hospitalizados, 38 de ellos en la UCI), 1.839 en la provincia de Alicante (714 hospitalizados y 118 de ellos en la UCI), y 2.685 en la provincia de Valencia (1.087 hospitalizados y 180 de ellos en la UCI).&nbsp;<\/p>\n\n\n\n<p>El n\u00famero de profesionales sanitarios que ha dado positivo es de 826 (113 en la provincia de Castell\u00f3n, 341 en la de Alicante y 372 en la provincia de Valencia).<\/p>\n\n\n\n<p>Hasta Este lunes, se ha producido un total de 310 fallecimientos en la Comunitat Valenciana: 32 en la provincia de Castell\u00f3n, 135 en la Alicante y 143 en la de Valencia. Al mismo tiempo, se han dado un total de 185 altas: 9 en la provincia de Castell\u00f3n, 46 en la de Alicante y 130 en la provincia de Valencia.&nbsp;<\/p>\n\n\n\n<p>Las pruebas que han dado un resultado negativo hasta el momento son 13.970.&nbsp;<\/p>\n\n\n\n<p>Hasta el momento, 2.100 profesionales sanitarios se han inscrito en la bolsa de trabajo habilitada por la Conselleria de Sanidad para que m\u00e9dicos, m\u00e9dicas y enfermeras jubilados hasta los 70 a\u00f1os y m\u00e9dicos y m\u00e9dicas que todav\u00eda no tienen especialidad puedan ayudar a combatir el coronavirus.<\/p>\n\n\n\n<p>\u00b7 Personal facultativo jubilado de menos de 70 a\u00f1os: 95<\/p>\n\n\n\n<p>\u00b7 Personal graduado en Medicina sin especialidad: 907<\/p>\n\n\n\n<p>\u00b7 Personal graduado en enfermer\u00eda: 1.046<\/p>\n\n\n\n<p>\u00b7 Personal jubilado enfermer\u00eda de menos de 70 a\u00f1os: 52<\/p>\n\n\n\n<p><strong>Actualizaci\u00f3n de la situaci\u00f3n en residencias de mayores<\/strong><\/p>\n\n\n\n<p>La consellera ha actualizado tambi\u00e9n la situaci\u00f3n de las residencias de personas mayores de la Comunitat Valenciana. Hasta el momento, se han detectado casos positivos en 69 centros (7 en la provincia de Castell\u00f3n, 17 en la provincia de Alicante, 45 en la provincia de Valencia):<\/p>\n\n\n\n<p>\u00b7 Residentes que han dado positivo: 399 (50 en la provincia Castell\u00f3n, 159 en la Alicante y 190 en la provincia Valencia)<\/p>\n\n\n\n<p>\u00b7 Personal trabajador que ha dado positivo: 112 (14 en la provincia Castell\u00f3n, 27 en la Alicante y 71 en la provincia de Valencia)<\/p>\n\n\n\n<p>\u00b7 Residentes fallecidos: 73 (4 en la provincia de Castell\u00f3n, 45 en la de Alicante y 24 en la provincia Valencia)<\/p>\n\n\n\n<p>En estos momentos, se encuentran bajo vigilancia activa de control sanitario las residencias Santa Elena de Torrent, L&#8217;Acollida de Val\u00e8ncia, la residencia Savia de Requena, DomusVi de Alcoy, DomusVi Babel (Alicante), San Juan Bautista de Morella y la residencia Santa Gracia de Vila-real.<\/p>\n\n\n\n<p>Toda la informaci\u00f3n actualizada en:&nbsp;<a href=\"http:\/\/www.san.gva.es\/web_estatica\/coronavirus\/coronavirus_es.html\" target=\"_blank\" rel=\"noreferrer noopener\">consultar aqu\u00ed<\/a><\/p>\n","protected":false},"excerpt":{"rendered":"<div class=\"mh-excerpt\">La consellera de Sanidad Universal y Salud P\u00fablica, Ana Barcel\u00f3, ha comparecido este lunes para actualizar la informaci\u00f3n sobre la incidencia del coronavirus en la Comunitat Valenciana. Barcel\u00f3 ha confirmado 326 nuevos casos positivos, que <a class=\"mh-excerpt-more\" href=\"https:\/\/www.tucomarca.com\/wordpress\/segunda\/la-comunitat-suma-326-nuevos-contagios-y-43-fallecidos-mas-el-dia-en-que-en-espana-desciende-por-vez-primera-el-numero-de-fallecidos-y-contagiados\/\" title=\"La Comunitat suma 326 nuevos contagios y 43 fallecidos m\u00e1s el d\u00eda en que en Espa\u00f1a desciende por vez primera el n\u00famero de fallecidos y contagiados\">[+] <\/a><\/div>\n","protected":false},"author":1,"featured_media":101529,"comment_status":"open","ping_status":"open","sticky":false,"template":"","format":"standard","meta":{"footnotes":""},"categories":[119,128,8,72,117,142,3,116,45],"tags":[11937,11938,11951],"class_list":{"0":"post-102022","1":"post","2":"type-post","3":"status-publish","4":"format-standard","5":"has-post-thumbnail","7":"category-sanidad-la-comarca","8":"category-infraestructuras","9":"category-la-comarca","10":"category-sin-categorizar","11":"category-medio-ambiente-la-comarca","12":"category-politica-la-comarca","13":"category-seccion","14":"category-sucesos-la-comarca","15":"category-ventana","16":"tag-coronavirus","17":"tag-covid-19","18":"tag-covid2019"},"_links":{"self":[{"href":"https:\/\/www.tucomarca.com\/wordpress\/segunda\/wp-json\/wp\/v2\/posts\/102022","targetHints":{"allow":["GET"]}}],"collection":[{"href":"https:\/\/www.tucomarca.com\/wordpress\/segunda\/wp-json\/wp\/v2\/posts"}],"about":[{"href":"https:\/\/www.tucomarca.com\/wordpress\/segunda\/wp-json\/wp\/v2\/types\/post"}],"author":[{"embeddable":true,"href":"https:\/\/www.tucomarca.com\/wordpress\/segunda\/wp-json\/wp\/v2\/users\/1"}],"replies":[{"embeddable":true,"href":"https:\/\/www.tucomarca.com\/wordpress\/segunda\/wp-json\/wp\/v2\/comments?post=102022"}],"version-history":[{"count":0,"href":"https:\/\/www.tucomarca.com\/wordpress\/segunda\/wp-json\/wp\/v2\/posts\/102022\/revisions"}],"wp:featuredmedia":[{"embeddable":true,"href":"https:\/\/www.tucomarca.com\/wordpress\/segunda\/wp-json\/wp\/v2\/media\/101529"}],"wp:attachment":[{"href":"https:\/\/www.tucomarca.com\/wordpress\/segunda\/wp-json\/wp\/v2\/media?parent=102022"}],"wp:term":[{"taxonomy":"category","embeddable":true,"href":"https:\/\/www.tucomarca.com\/wordpress\/segunda\/wp-json\/wp\/v2\/categories?post=102022"},{"taxonomy":"post_tag","embeddable":true,"href":"https:\/\/www.tucomarca.com\/wordpress\/segunda\/wp-json\/wp\/v2\/tags?post=102022"}],"curies":[{"name":"wp","href":"https:\/\/api.w.org\/{rel}","templated":true}]}}