{"id":102126,"date":"2020-03-31T23:02:02","date_gmt":"2020-03-31T21:02:02","guid":{"rendered":"http:\/\/www.tucomarca.com\/wordpress\/segunda\/?p=102126"},"modified":"2020-03-31T23:02:04","modified_gmt":"2020-03-31T21:02:04","slug":"el-programa-viu-actiu-se-pone-a-disposicion-de-la-salud-comunitaria-en-cheste","status":"publish","type":"post","link":"https:\/\/www.tucomarca.com\/wordpress\/segunda\/el-programa-viu-actiu-se-pone-a-disposicion-de-la-salud-comunitaria-en-cheste\/","title":{"rendered":"El programa Viu-Actiu se pone a disposici\u00f3n de la Salud Comunitaria en Cheste"},"content":{"rendered":"\n<p><strong>Las fichas de ejercicios ya est\u00e1n disponibles en&nbsp;<em>www.cheste.es\/notification\/sesiones-viu-actiu<\/em><\/strong><\/p>\n\n\n\n<p>El programa VIU-ACTIU, implantado en los Ayuntamientos de Benicarl\u00f3 y Cheste, se ha puesto a disposici\u00f3n de la Subdirecci\u00f3n General de Salud P\u00fablica. El personal t\u00e9cnico especialista en ejercicio f\u00edsico de las concejal\u00edas de Deportes y Sanidad de ambos consistorios ha dise\u00f1ado fichas de trabajo para personas adultas y mayores, con el objetivo de que este segmento de la poblaci\u00f3n pueda realizar actividad f\u00edsica en sus domicilios mientras se mantenga el estado de alarma.<\/p>\n\n\n\n<p>La iniciativa cuenta con el asesoramiento del Colegio Oficial de Licenciados en Educaci\u00f3n F\u00edsica de la Comunidad Valenciana (COLEFCV) y del Departamento URIFIDE de la Facultat de Ci\u00e8ncies de la Activitat F\u00edsica i l&#8217;Esport de l&#8217;Universitat de Val\u00e8ncia<\/p>\n\n\n\n<p>Esta acci\u00f3n comunitaria persigue la promoci\u00f3n de la actividad f\u00edsica y, a su vez, permitir\u00e1 a las personas que segu\u00edan una prescripci\u00f3n de ejercicio individual en el Centro de Salud, puedan mantener la actividad desde sus casas, ya que el servicio individualizado y presencial del proyecto VIU-ACTIU ha tenido que cancelarse provisionalmente con motivo de la situaci\u00f3n de emergencia sanitaria, ocasionada por el COVID-19.&nbsp;<\/p>\n\n\n\n<p>Las fichas de ejercicios que han preparado los\/as dinamizadores\/as del proyecto ya est\u00e1n disponibles en&nbsp;<em>www.cheste.es\/notification\/sesiones-viu-actiu<\/em>&nbsp;y se dividen en dos niveles. El primero va dirigido a personas poco activas y el segundo se ha enfocado a personas activas. Cada propuesta contiene v\u00eddeos tutoriales de corta duraci\u00f3n y f\u00e1cilmente comprensibles; pero adem\u00e1s, las y los t\u00e9cnicos del los Ayuntamientos de Benicarl\u00f3 y Cheste han habilitado el correo electr\u00f3nico&nbsp;<em>viuactiubc@gmail.com<\/em>, con la finalidad de atender a la ciudadan\u00eda para resolver cualquier duda, de mantener contacto directo con la Subdirecci\u00f3n General de Salud P\u00fablica y de ser accesibles a cualquier Ayuntamiento que est\u00e9 interesado por el proyecto.<\/p>\n","protected":false},"excerpt":{"rendered":"<div class=\"mh-excerpt\">Las fichas de ejercicios ya est\u00e1n disponibles en&nbsp;www.cheste.es\/notification\/sesiones-viu-actiu El programa VIU-ACTIU, implantado en los Ayuntamientos de Benicarl\u00f3 y Cheste, se ha puesto a disposici\u00f3n de la Subdirecci\u00f3n General de Salud P\u00fablica. El personal t\u00e9cnico especialista <a class=\"mh-excerpt-more\" href=\"https:\/\/www.tucomarca.com\/wordpress\/segunda\/el-programa-viu-actiu-se-pone-a-disposicion-de-la-salud-comunitaria-en-cheste\/\" title=\"El programa Viu-Actiu se pone a disposici\u00f3n de la Salud Comunitaria en Cheste\">[+] <\/a><\/div>\n","protected":false},"author":12,"featured_media":89600,"comment_status":"open","ping_status":"open","sticky":false,"template":"","format":"standard","meta":{"footnotes":""},"categories":[119,17,128,8,10,142,3,116],"tags":[339,11937,11938,11951,5952],"class_list":{"0":"post-102126","1":"post","2":"type-post","3":"status-publish","4":"format-standard","5":"has-post-thumbnail","7":"category-sanidad-la-comarca","8":"category-cheste","9":"category-infraestructuras","10":"category-la-comarca","11":"category-la-hoya","12":"category-politica-la-comarca","13":"category-seccion","14":"category-sucesos-la-comarca","15":"tag-cheste-2","16":"tag-coronavirus","17":"tag-covid-19","18":"tag-covid2019","19":"tag-la-hoya-de-bunol-chiva"},"_links":{"self":[{"href":"https:\/\/www.tucomarca.com\/wordpress\/segunda\/wp-json\/wp\/v2\/posts\/102126","targetHints":{"allow":["GET"]}}],"collection":[{"href":"https:\/\/www.tucomarca.com\/wordpress\/segunda\/wp-json\/wp\/v2\/posts"}],"about":[{"href":"https:\/\/www.tucomarca.com\/wordpress\/segunda\/wp-json\/wp\/v2\/types\/post"}],"author":[{"embeddable":true,"href":"https:\/\/www.tucomarca.com\/wordpress\/segunda\/wp-json\/wp\/v2\/users\/12"}],"replies":[{"embeddable":true,"href":"https:\/\/www.tucomarca.com\/wordpress\/segunda\/wp-json\/wp\/v2\/comments?post=102126"}],"version-history":[{"count":0,"href":"https:\/\/www.tucomarca.com\/wordpress\/segunda\/wp-json\/wp\/v2\/posts\/102126\/revisions"}],"wp:featuredmedia":[{"embeddable":true,"href":"https:\/\/www.tucomarca.com\/wordpress\/segunda\/wp-json\/wp\/v2\/media\/89600"}],"wp:attachment":[{"href":"https:\/\/www.tucomarca.com\/wordpress\/segunda\/wp-json\/wp\/v2\/media?parent=102126"}],"wp:term":[{"taxonomy":"category","embeddable":true,"href":"https:\/\/www.tucomarca.com\/wordpress\/segunda\/wp-json\/wp\/v2\/categories?post=102126"},{"taxonomy":"post_tag","embeddable":true,"href":"https:\/\/www.tucomarca.com\/wordpress\/segunda\/wp-json\/wp\/v2\/tags?post=102126"}],"curies":[{"name":"wp","href":"https:\/\/api.w.org\/{rel}","templated":true}]}}