{"id":102146,"date":"2020-04-01T20:54:07","date_gmt":"2020-04-01T18:54:07","guid":{"rendered":"http:\/\/www.tucomarca.com\/wordpress\/segunda\/?p=102146"},"modified":"2020-04-01T20:54:09","modified_gmt":"2020-04-01T18:54:09","slug":"sanidad-confirma-414-nuevos-casos-en-la-comunitat-en-el-dia-en-que-espana-supera-los-100-000-contagios-y-registra-ya-9-053-fallecidos-por-coronavirus","status":"publish","type":"post","link":"https:\/\/www.tucomarca.com\/wordpress\/segunda\/sanidad-confirma-414-nuevos-casos-en-la-comunitat-en-el-dia-en-que-espana-supera-los-100-000-contagios-y-registra-ya-9-053-fallecidos-por-coronavirus\/","title":{"rendered":"Sanidad confirma 414 nuevos casos en la Comunitat en el d\u00eda en que Espa\u00f1a supera los 100.000 contagios y registra ya 9.053 fallecidos por coronavirus"},"content":{"rendered":"\n<p>La consellera de Sanidad Universal y Salud P\u00fablica, Ana Barcel\u00f3, ha comparecido este mi\u00e9rcoles para actualizar la informaci\u00f3n sobre la incidencia del coronavirus en la Comunitat Valenciana. Barcel\u00f3 ha confirmado 414 nuevos casos positivos, que elevan a 5.922 el total de casos positivos, de los cuales 2.189 se encuentran ingresados en el hospital y 365 de ellos en la UCI.<\/p>\n\n\n\n<p>Unas cifras que se dan en una jornada en la que Espa\u00f1a ha superado los 100.00 contagiados (concretamente, 102.136) y suma adem\u00e1s un total de 9.053 fallecidos por coronavirus.<\/p>\n\n\n\n<p>De los 414 nuevos casos positivos, 47 se encuentran en la provincia de Castell\u00f3n, 152 en la provincia de Alicante y 215 en la de Valencia.&nbsp;<\/p>\n\n\n\n<p>Por provincias, el n\u00famero total de casos positivos es de 660 en la provincia de Castell\u00f3n (213 hospitalizados, 40 de ellos en la UCI), 2.173 en la provincia de Alicante (792 hospitalizados y 133 de ellos en la UCI), y 3.089 en la provincia de Valencia (1.184 hospitalizados y 192 de ellos en la UCI).&nbsp;<\/p>\n\n\n\n<p>El n\u00famero de profesionales sanitarios que han dado positivo en total es de 1.001 (121 en la provincia de Castell\u00f3n, 428 en la de Alicante y 452 en la provincia de Valencia).<\/p>\n\n\n\n<p>Hasta este mi\u00e9rcoles, se han producido 395 fallecimientos en la Comunitat Valenciana: 42 en la provincia de Castell\u00f3n, 167 en la Alicante y 186 en la de Valencia. Al mismo tiempo, se han dado un total de 240 altas: 9 en la provincia de Castell\u00f3n, 62 en la de Alicante y 169 en la provincia de Valencia.&nbsp;<\/p>\n\n\n\n<p>Las pruebas que han dado un resultado negativo son 16.132.&nbsp;<\/p>\n\n\n\n<p>Hasta el momento, 2.140 profesionales sanitarios se han inscrito en la bolsa de trabajo habilitada por la Conselleria de Sanidad para que m\u00e9dicos, m\u00e9dicas y enfermeras jubilados hasta los 70 a\u00f1os y m\u00e9dicos y m\u00e9dicas que todav\u00eda no tienen especialidad puedan ayudar a combatir el coronavirus.<\/p>\n\n\n\n<p>\u00b7 Personal facultativo jubilado menos de 70 a\u00f1os: 97<\/p>\n\n\n\n<p>\u00b7 Personal graduado en Medicina sin especialidad: 931<\/p>\n\n\n\n<p>\u00b7 Personal graduado en Enfermer\u00eda: 1.060<\/p>\n\n\n\n<p>\u00b7 Personal jubilado Enfermer\u00eda menos de 70 a\u00f1os: 52<\/p>\n\n\n\n<p><strong>Actualizaci\u00f3n de la situaci\u00f3n en residencias de mayores<\/strong><\/p>\n\n\n\n<p>La consellera ha actualizado tambi\u00e9n la situaci\u00f3n de las residencias de personas mayores de la Comunitat Valenciana. Hasta el momento se han detectado casos positivos en 80 centros (8 en la provincia de Castell\u00f3n, 20 en la provincia de Alicante, 52 en la provincia de Valencia):<\/p>\n\n\n\n<p>\u00b7 Residentes que han dado positivo: 459&nbsp;<\/p>\n\n\n\n<p>\u00b7 Personal trabajador que ha dado positivo: 150&nbsp;<\/p>\n\n\n\n<p>\u00b7 Residentes fallecidos: 98&nbsp;<\/p>\n\n\n\n<p>En estos momentos, se encuentran bajo vigilancia activa de control sanitario 7 residencias en la Comunitat Valenciana.<\/p>\n\n\n\n<p><strong>Espacios seguros para personas con coronavirus en las residencias<\/strong><\/p>\n\n\n\n<p>La consellera ha explicado que \u00abes esencial romper la cadena de contagios. Las residencias de mayores son un punto cr\u00edtico y por ello es fundamental poder llevar a cabo medidas que hagan posible aislar a personas infectadas de aquellas que no lo est\u00e1n\u00bb.&nbsp;<\/p>\n\n\n\n<p>En este sentido, se est\u00e1 avanzando en un protocolo de actuaci\u00f3n junto a la Conselleria de Igualdad y Pol\u00edticas Inclusivas para crear espacios seguros de atenci\u00f3n a personas con COVID-19.&nbsp;<\/p>\n\n\n\n<p>\u00abDebemos separarles y atenderles en espacios diferenciados\u00bb, insist\u00eda Barcel\u00f3, que se\u00f1alaba que \u00abno en todas las residencias se puede llevar a cabo ese aislamiento total que es necesario\u00bb, por lo que \u00abcon este sistema de ruptura de la cadena de transmisi\u00f3n se han habilitado estos espacios seguros con mayor presencia y control de Asistencia Sanitaria\u00bb.<\/p>\n\n\n\n<p><strong>Protocolo de comunicaci\u00f3n para pacientes con coronavirus<\/strong><\/p>\n\n\n\n<p>La Conselleria de Sanidad Universal i Salut P\u00fablica, consciente de que la comunicaci\u00f3n es una necesidad esencial en el proceso de recuperaci\u00f3n de las personas, ha dise\u00f1ado dos circuitos de comunicaci\u00f3n: uno entre la enfermera o m\u00e9dico y la familia, y otro entre el paciente y su propia familia.&nbsp;<\/p>\n\n\n\n<p>En el caso de los pacientes que no disponen de un dispositivo propio para mantener el contacto con su familia se va a proceder a la identificaci\u00f3n de un tel\u00e9fono de contacto y de un portavoz familiar que ser\u00e1 la referencia para el equipo sanitario, estableciendo un horario y una frecuencia de llamadas a ese portavoz familiar. Adem\u00e1s, a trav\u00e9s del SAIP, el Servicio de Atenci\u00f3n e Informaci\u00f3n al Paciente, se har\u00e1 llegar a las personas ingresadas los objetos personales que puedan precisar.<\/p>\n\n\n\n<p>Para garantizar la protecci\u00f3n de datos de car\u00e1cter personal, no se atender\u00e1n llamadas de personas que no sea el portavoz familiar.<\/p>\n\n\n\n<p><strong>Solicitud de aclaraci\u00f3n del sindicato CESM-CV<\/strong><\/p>\n\n\n\n<p>El Juzgado de lo Social n\u00famero 6 de la provincia de Alicante, en una aclaraci\u00f3n remitida al sindicato m\u00e9dico CESM-CV sobre el auto que ordenaba proveer a los y las profesionales sanitarios de material de protecci\u00f3n en el \u00abmenor tiempo posible\u00bb, ha se\u00f1alado que entiende \u00abpor el menor tiempo posible\u00bb el indispensable desde la recepci\u00f3n del material hasta la efectiva entrega a profesionales sanitarios con la \u00fanica dilaci\u00f3n posible del tiempo necesario para la constataci\u00f3n de que el material es adecuado y testado en cuanto a su efectividad.<\/p>\n\n\n\n<p>Toda la informaci\u00f3n actualizada en:&nbsp;<a href=\"http:\/\/www.san.gva.es\/web_estatica\/coronavirus\/coronavirus_es.html\" target=\"_blank\" rel=\"noreferrer noopener\">consultar aqu\u00ed<\/a><\/p>\n","protected":false},"excerpt":{"rendered":"<div class=\"mh-excerpt\">La consellera de Sanidad Universal y Salud P\u00fablica, Ana Barcel\u00f3, ha comparecido este mi\u00e9rcoles para actualizar la informaci\u00f3n sobre la incidencia del coronavirus en la Comunitat Valenciana. Barcel\u00f3 ha confirmado 414 nuevos casos positivos, que <a class=\"mh-excerpt-more\" href=\"https:\/\/www.tucomarca.com\/wordpress\/segunda\/sanidad-confirma-414-nuevos-casos-en-la-comunitat-en-el-dia-en-que-espana-supera-los-100-000-contagios-y-registra-ya-9-053-fallecidos-por-coronavirus\/\" title=\"Sanidad confirma 414 nuevos casos en la Comunitat en el d\u00eda en que Espa\u00f1a supera los 100.000 contagios y registra ya 9.053 fallecidos por coronavirus\">[+] <\/a><\/div>\n","protected":false},"author":1,"featured_media":102184,"comment_status":"open","ping_status":"open","sticky":false,"template":"","format":"standard","meta":{"footnotes":""},"categories":[119,128,8,72,142,3,116,45],"tags":[11937,11938,11951],"class_list":{"0":"post-102146","1":"post","2":"type-post","3":"status-publish","4":"format-standard","5":"has-post-thumbnail","7":"category-sanidad-la-comarca","8":"category-infraestructuras","9":"category-la-comarca","10":"category-sin-categorizar","11":"category-politica-la-comarca","12":"category-seccion","13":"category-sucesos-la-comarca","14":"category-ventana","15":"tag-coronavirus","16":"tag-covid-19","17":"tag-covid2019"},"_links":{"self":[{"href":"https:\/\/www.tucomarca.com\/wordpress\/segunda\/wp-json\/wp\/v2\/posts\/102146","targetHints":{"allow":["GET"]}}],"collection":[{"href":"https:\/\/www.tucomarca.com\/wordpress\/segunda\/wp-json\/wp\/v2\/posts"}],"about":[{"href":"https:\/\/www.tucomarca.com\/wordpress\/segunda\/wp-json\/wp\/v2\/types\/post"}],"author":[{"embeddable":true,"href":"https:\/\/www.tucomarca.com\/wordpress\/segunda\/wp-json\/wp\/v2\/users\/1"}],"replies":[{"embeddable":true,"href":"https:\/\/www.tucomarca.com\/wordpress\/segunda\/wp-json\/wp\/v2\/comments?post=102146"}],"version-history":[{"count":0,"href":"https:\/\/www.tucomarca.com\/wordpress\/segunda\/wp-json\/wp\/v2\/posts\/102146\/revisions"}],"wp:featuredmedia":[{"embeddable":true,"href":"https:\/\/www.tucomarca.com\/wordpress\/segunda\/wp-json\/wp\/v2\/media\/102184"}],"wp:attachment":[{"href":"https:\/\/www.tucomarca.com\/wordpress\/segunda\/wp-json\/wp\/v2\/media?parent=102146"}],"wp:term":[{"taxonomy":"category","embeddable":true,"href":"https:\/\/www.tucomarca.com\/wordpress\/segunda\/wp-json\/wp\/v2\/categories?post=102146"},{"taxonomy":"post_tag","embeddable":true,"href":"https:\/\/www.tucomarca.com\/wordpress\/segunda\/wp-json\/wp\/v2\/tags?post=102146"}],"curies":[{"name":"wp","href":"https:\/\/api.w.org\/{rel}","templated":true}]}}