{"id":102153,"date":"2020-04-01T20:11:44","date_gmt":"2020-04-01T18:11:44","guid":{"rendered":"http:\/\/www.tucomarca.com\/wordpress\/segunda\/?p=102153"},"modified":"2020-04-01T20:11:45","modified_gmt":"2020-04-01T18:11:45","slug":"utiel-programa-su-fiesta-nuestros-pequenos-grandes-heroes-utielanos-dedicada-a-los-ninos-y-ninas-que-padecen-el-confinamiento","status":"publish","type":"post","link":"https:\/\/www.tucomarca.com\/wordpress\/segunda\/utiel-programa-su-fiesta-nuestros-pequenos-grandes-heroes-utielanos-dedicada-a-los-ninos-y-ninas-que-padecen-el-confinamiento\/","title":{"rendered":"Utiel programa su fiesta \u00abNuestros peque\u00f1os grandes h\u00e9roes utielanos\u00bb dedicada a los ni\u00f1os y ni\u00f1as que padecen el confinamiento"},"content":{"rendered":"\n<p><strong>El alcalde de Utiel, Fernando Benlliure, ha emitido un Bando Especial de Alcald\u00eda<\/strong> d<strong>irigido a todos los ni\u00f1os y ni\u00f1as del municipio<\/strong><\/p>\n\n\n\n<p>El alcalde promulga en su bando \u00abque los pap\u00e1s, mam\u00e1s, abuelos, abuelas y utielanos en general est\u00e1n muy contentos con el comportamiento de los ni\u00f1os y ni\u00f1as durante este periodo en el que est\u00e1n encerrados en sus casas para que se vaya cuanto antes el coronavirus.\u00bb Por lo que el alcalde asegura que \u00ablos ni\u00f1os y ni\u00f1as de Utiel han demostrado ser muy responsables al no reunirse con sus amigos y amigas&nbsp; para jugar, incluso en fechas muy especiales como la celebraci\u00f3n de sus cumplea\u00f1os\u00bb.<\/p>\n\n\n\n<p>Por este motivo, el alcalde convoca a \u00abla Fiesta Especial de Cumplea\u00f1os &#8216;Nuestros peque\u00f1os grandes h\u00e9roes utielanos&#8217; cuando la situaci\u00f3n lo permita para felicitar a todos los ni\u00f1os y ni\u00f1as que han cumplido a\u00f1os durante estos d\u00edas de aislamiento en casa. Invitar a todos los ni\u00f1os y ni\u00f1as de Utiel a compartir este d\u00eda especial con m\u00fasica, talleres y juegos. Dar las gracias a todos los peque\u00f1os grandes h\u00e9roes utielanos por su valent\u00eda y solidaridad y animarles a que contin\u00faen colaborando como hasta ahora qued\u00e1ndose en casa\u00bb.<\/p>\n","protected":false},"excerpt":{"rendered":"<div class=\"mh-excerpt\">El alcalde de Utiel, Fernando Benlliure, ha emitido un Bando Especial de Alcald\u00eda dirigido a todos los ni\u00f1os y ni\u00f1as del municipio El alcalde promulga en su bando \u00abque los pap\u00e1s, mam\u00e1s, abuelos, abuelas y <a class=\"mh-excerpt-more\" href=\"https:\/\/www.tucomarca.com\/wordpress\/segunda\/utiel-programa-su-fiesta-nuestros-pequenos-grandes-heroes-utielanos-dedicada-a-los-ninos-y-ninas-que-padecen-el-confinamiento\/\" title=\"Utiel programa su fiesta \u00abNuestros peque\u00f1os grandes h\u00e9roes utielanos\u00bb dedicada a los ni\u00f1os y ni\u00f1as que padecen el confinamiento\">[+] <\/a><\/div>\n","protected":false},"author":1,"featured_media":86876,"comment_status":"open","ping_status":"open","sticky":false,"template":"","format":"standard","meta":{"footnotes":""},"categories":[119,128,8,142,27,3,116,29],"tags":[11937,11938,11951,10389],"class_list":{"0":"post-102153","1":"post","2":"type-post","3":"status-publish","4":"format-standard","5":"has-post-thumbnail","7":"category-sanidad-la-comarca","8":"category-infraestructuras","9":"category-la-comarca","10":"category-politica-la-comarca","11":"category-requena-utiel","12":"category-seccion","13":"category-sucesos-la-comarca","14":"category-utiel","15":"tag-coronavirus","16":"tag-covid-19","17":"tag-covid2019","18":"tag-utiel"},"_links":{"self":[{"href":"https:\/\/www.tucomarca.com\/wordpress\/segunda\/wp-json\/wp\/v2\/posts\/102153","targetHints":{"allow":["GET"]}}],"collection":[{"href":"https:\/\/www.tucomarca.com\/wordpress\/segunda\/wp-json\/wp\/v2\/posts"}],"about":[{"href":"https:\/\/www.tucomarca.com\/wordpress\/segunda\/wp-json\/wp\/v2\/types\/post"}],"author":[{"embeddable":true,"href":"https:\/\/www.tucomarca.com\/wordpress\/segunda\/wp-json\/wp\/v2\/users\/1"}],"replies":[{"embeddable":true,"href":"https:\/\/www.tucomarca.com\/wordpress\/segunda\/wp-json\/wp\/v2\/comments?post=102153"}],"version-history":[{"count":0,"href":"https:\/\/www.tucomarca.com\/wordpress\/segunda\/wp-json\/wp\/v2\/posts\/102153\/revisions"}],"wp:featuredmedia":[{"embeddable":true,"href":"https:\/\/www.tucomarca.com\/wordpress\/segunda\/wp-json\/wp\/v2\/media\/86876"}],"wp:attachment":[{"href":"https:\/\/www.tucomarca.com\/wordpress\/segunda\/wp-json\/wp\/v2\/media?parent=102153"}],"wp:term":[{"taxonomy":"category","embeddable":true,"href":"https:\/\/www.tucomarca.com\/wordpress\/segunda\/wp-json\/wp\/v2\/categories?post=102153"},{"taxonomy":"post_tag","embeddable":true,"href":"https:\/\/www.tucomarca.com\/wordpress\/segunda\/wp-json\/wp\/v2\/tags?post=102153"}],"curies":[{"name":"wp","href":"https:\/\/api.w.org\/{rel}","templated":true}]}}