{"id":102218,"date":"2020-04-02T12:44:51","date_gmt":"2020-04-02T10:44:51","guid":{"rendered":"http:\/\/www.tucomarca.com\/wordpress\/segunda\/?p=102218"},"modified":"2020-04-02T12:44:54","modified_gmt":"2020-04-02T10:44:54","slug":"ava-asaja-lamenta-que-se-quiera-politizar-la-labor-altruista-que-llevan-a-cabo-los-agricultores-y-ganaderos-para-desinfectar-las-calles-y-frenar-al-coronavirus","status":"publish","type":"post","link":"https:\/\/www.tucomarca.com\/wordpress\/segunda\/ava-asaja-lamenta-que-se-quiera-politizar-la-labor-altruista-que-llevan-a-cabo-los-agricultores-y-ganaderos-para-desinfectar-las-calles-y-frenar-al-coronavirus\/","title":{"rendered":"AVA-Asaja lamenta que se quiera politizar la labor altruista que llevan a cabo los agricultores y ganaderos para desinfectar las calles y frenar al coronavirus"},"content":{"rendered":"\n<p>La Asociaci\u00f3n Valenciana de Agricultores (AVA-Asaja), junto con las organizaciones profesionales agrarias, las cooperativas y agricultores de forma particular repartidos por todo el territorio espa\u00f1ol est\u00e1n colaborando activamente con los ayuntamientos y otras entidades p\u00fablicas para facilitar agricultores que, de forma voluntaria y altruista, se han ofrecido a realizar labores de desinfecci\u00f3n en las calles para prevenir el Covid-19. Lamentablemente, una nota informativa sobre la desinfecci\u00f3n de las v\u00edas p\u00fablicas en los municipios emitida por la Federaci\u00f3n Valenciana de Municipios y Provincias (FVMP) ningunea las labores llevadas a cabo por un sector esencial que estos d\u00edas presta tambi\u00e9n sus servicios para poder suministrar de alimentos a toda la sociedad y demuestra que no se ha enterado de que es el sector en su conjunto el que lleva a cabo esta acci\u00f3n. Una actuaci\u00f3n, que sin embargo, ha sido reconocida y aplaudida en todos los medios y canales de comunicaci\u00f3n espa\u00f1oles y europeos como una muestra m\u00e1s de solidaridad por parte de todo el sector. Incluso son numerosos los ayuntamientos que pertenecen a la FVMP y que s\u00ed est\u00e1n teniendo en cuenta la implicaci\u00f3n de las organizaciones agrarias y cooperativas sin discriminar a ninguna entidad del sector, de lo que se deduce que la coordinaci\u00f3n entre la FVMP y los diferentes consistorios no es la adecuada.&nbsp;<\/p>\n\n\n\n<p>Ante esta publicaci\u00f3n, el presidente de AVA-Asaja, Crist\u00f3bal Aguado, recuerda que \u201clos agricultores constituyen un sector especialmente id\u00f3neo para complementar esta actividad de desinfecci\u00f3n porque cuentan con m\u00e1quinas de aplicaci\u00f3n, con equipos de protecci\u00f3n individual (EPIs) y con la formaci\u00f3n necesaria\u201d. La organizaci\u00f3n critica que se publique una nota informativa tan \u201cdesafortunada\u201d en un momento de crisis como este, al considerarla \u201cinsolidaria\u201d. Asimismo, contrasta con la carta de agradecimiento que ha remitido el president de la Generalitat, Ximo Puig, a las organizaciones agrarias y que reconoce el trabajo que est\u00e1n haciendo los agricultores y ganaderos estos d\u00edas para asegurar el suministro de alimentos, adem\u00e1s de se\u00f1alar que nuestro colectivo est\u00e1 demostrando ser un ejemplo de profesionalidad y solidaridad con la sociedad. \u201cUna muestra significativa de la diferencia de nivel y de forma de actuar demostrada por la Federaci\u00f3n de Municipios y Provincias\u201d, se\u00f1ala Aguado. Por su parte, la Agencia Valenciana de Seguridad y Respuesta a las Emergencias tambi\u00e9n ha trasladado a esta organizaci\u00f3n agraria la petici\u00f3n de coordinar a nuestros agricultores voluntarios para intensificar la labor de desinfecci\u00f3n en las calles.&nbsp;<\/p>\n\n\n\n<p>Pese a la actuaci\u00f3n de la FVMP, desde el sector agrario en todo su conjunto no se va a desincentivar la labor tan positiva que est\u00e1 llevando a cabo y se va a mantener la responsabilidad solidaria en todas aquellas zonas en las que sea necesaria \u201cpor encima de aquellos que no quieren entender lo que est\u00e1 pasando en la sociedad\u201d, apunta Aguado. \u201cBuscamos una forma de colaborar, de sumar y no de restar. Deber\u00edan ser m\u00e1s solidarios y emplear m\u00e1s el di\u00e1logo con todos los representantes del sector agrario. Consideramos un ninguneo infantil esa forma de actuar y lamentamos que la FVMP no sea conocedora de la importancia de esta labor ante una emergencia sanitaria como la que estamos viviendo. Con esta nota demuestran que no est\u00e1n a la altura de la actuaci\u00f3n voluntaria que est\u00e1 llev\u00e1ndose a cabo por parte de agricultores y ganaderos en toda Espa\u00f1a, puesto que se est\u00e1n poniendo en marcha equipos para colaborar en la desinfecci\u00f3n de las calles y los agricultores se est\u00e1n ofreciendo libremente a los ayuntamientos\u201d, subraya Aguado.<\/p>\n\n\n\n<p>Aguado afirma tambi\u00e9n que \u201ctodas las organizaciones y cooperativas agrarias&nbsp; seguir\u00e1n colaborando y ofreci\u00e9ndose para desinfectar las calles y es lamentable que hasta en esto algunas personas quieran hacer pol\u00edtica. Los agricultores y ganaderos, no solo valencianos, sino a lo largo de toda Espa\u00f1a, est\u00e1n mostrando una actitud de colaboraci\u00f3n y solidaridad y una entidad como la Federaci\u00f3n Valenciana de Municipios y Provincias tiene que ser sabedora, ya que desde AVA-ASAJA \u00fanicamente intentamos llegar a puntos de encuentro con los ayuntamientos y los consejos agrarios para poder hacer frente a esta situaci\u00f3n tan dura que es cosa de todos\u201d.<\/p>\n","protected":false},"excerpt":{"rendered":"<div class=\"mh-excerpt\">La Asociaci\u00f3n Valenciana de Agricultores (AVA-Asaja), junto con las organizaciones profesionales agrarias, las cooperativas y agricultores de forma particular repartidos por todo el territorio espa\u00f1ol est\u00e1n colaborando activamente con los ayuntamientos y otras entidades p\u00fablicas <a class=\"mh-excerpt-more\" href=\"https:\/\/www.tucomarca.com\/wordpress\/segunda\/ava-asaja-lamenta-que-se-quiera-politizar-la-labor-altruista-que-llevan-a-cabo-los-agricultores-y-ganaderos-para-desinfectar-las-calles-y-frenar-al-coronavirus\/\" title=\"AVA-Asaja lamenta que se quiera politizar la labor altruista que llevan a cabo los agricultores y ganaderos para desinfectar las calles y frenar al coronavirus\">[+] <\/a><\/div>\n","protected":false},"author":1,"featured_media":101587,"comment_status":"open","ping_status":"open","sticky":false,"template":"","format":"standard","meta":{"footnotes":""},"categories":[169,119,128,8,72,117,142,3,116,45],"tags":[11937,11938,11951],"class_list":{"0":"post-102218","1":"post","2":"type-post","3":"status-publish","4":"format-standard","5":"has-post-thumbnail","7":"category-agricultura-la-comarca","8":"category-sanidad-la-comarca","9":"category-infraestructuras","10":"category-la-comarca","11":"category-sin-categorizar","12":"category-medio-ambiente-la-comarca","13":"category-politica-la-comarca","14":"category-seccion","15":"category-sucesos-la-comarca","16":"category-ventana","17":"tag-coronavirus","18":"tag-covid-19","19":"tag-covid2019"},"_links":{"self":[{"href":"https:\/\/www.tucomarca.com\/wordpress\/segunda\/wp-json\/wp\/v2\/posts\/102218","targetHints":{"allow":["GET"]}}],"collection":[{"href":"https:\/\/www.tucomarca.com\/wordpress\/segunda\/wp-json\/wp\/v2\/posts"}],"about":[{"href":"https:\/\/www.tucomarca.com\/wordpress\/segunda\/wp-json\/wp\/v2\/types\/post"}],"author":[{"embeddable":true,"href":"https:\/\/www.tucomarca.com\/wordpress\/segunda\/wp-json\/wp\/v2\/users\/1"}],"replies":[{"embeddable":true,"href":"https:\/\/www.tucomarca.com\/wordpress\/segunda\/wp-json\/wp\/v2\/comments?post=102218"}],"version-history":[{"count":0,"href":"https:\/\/www.tucomarca.com\/wordpress\/segunda\/wp-json\/wp\/v2\/posts\/102218\/revisions"}],"wp:featuredmedia":[{"embeddable":true,"href":"https:\/\/www.tucomarca.com\/wordpress\/segunda\/wp-json\/wp\/v2\/media\/101587"}],"wp:attachment":[{"href":"https:\/\/www.tucomarca.com\/wordpress\/segunda\/wp-json\/wp\/v2\/media?parent=102218"}],"wp:term":[{"taxonomy":"category","embeddable":true,"href":"https:\/\/www.tucomarca.com\/wordpress\/segunda\/wp-json\/wp\/v2\/categories?post=102218"},{"taxonomy":"post_tag","embeddable":true,"href":"https:\/\/www.tucomarca.com\/wordpress\/segunda\/wp-json\/wp\/v2\/tags?post=102218"}],"curies":[{"name":"wp","href":"https:\/\/api.w.org\/{rel}","templated":true}]}}