{"id":102244,"date":"2020-04-02T15:22:57","date_gmt":"2020-04-02T13:22:57","guid":{"rendered":"http:\/\/www.tucomarca.com\/wordpress\/segunda\/?p=102244"},"modified":"2020-04-02T15:22:59","modified_gmt":"2020-04-02T13:22:59","slug":"sanidad-confirma-386-nuevos-casos-de-coronavirus-en-la-comunitat-y-48-fallecidos-mas-en-el-dia-en-que-en-espana-registra-950-muertos-en-24-horas-y-supera-los-10-000","status":"publish","type":"post","link":"https:\/\/www.tucomarca.com\/wordpress\/segunda\/sanidad-confirma-386-nuevos-casos-de-coronavirus-en-la-comunitat-y-48-fallecidos-mas-en-el-dia-en-que-en-espana-registra-950-muertos-en-24-horas-y-supera-los-10-000\/","title":{"rendered":"Sanidad confirma 386 nuevos casos de coronavirus en la Comunitat y 48 fallecidos m\u00e1s en el d\u00eda en que en Espa\u00f1a registra 950 muertos en 24 horas y supera los 10.000"},"content":{"rendered":"\n<p>La consellera de Sanidad Universal y Salud P\u00fablica, Ana Barcel\u00f3, ha comparecido este jueves para actualizar la informaci\u00f3n sobre la incidencia de coronavirus en la Comunitat Valenciana. Barcel\u00f3 ha celebrado que se han dado 432 altas, 192 desde la actualizaci\u00f3n del mi\u00e9rcoles: 28 en la provincia de Castell\u00f3n, 172 en la de Alicante y 232 en la provincia de Valencia.&nbsp;<\/p>\n\n\n\n<p>Adem\u00e1s, se han detectado 386 nuevos casos positivos, que elevan a 6.308 el total de casos positivos, de los cuales 2.175 se encuentran ingresados en el hospital y 379 de ellos en la UCI.&nbsp;<\/p>\n\n\n\n<p>Unos datos que se suman a una jornada aciaga en la que Espa\u00f1a ha registrado un nuevo r\u00e9cord de fallecidos con coronavirus con un total de 950 personas en 24 horas lo que ha hecho superar la cifra psicol\u00f3gica de los 10.000 fallecidos, concretamente los 10.003. En total se han contabilizado 110.238 contagios, frente a los 102.136 del mi\u00e9rcoles; 443 de ellos en la Comunidad Valenciana.<\/p>\n\n\n\n<p>De los 386 nuevos casos positivos, 37 se encuentran en la provincia de Castell\u00f3n, 147 en la provincia de Alicante y 202 en la de Valencia.&nbsp;<\/p>\n\n\n\n<p>Por provincias, el n\u00famero total de casos positivos es de 697 en la provincia de Castell\u00f3n (214 hospitalizados, 42 de ellos en la UCI), 2.320 en la provincia de Alicante (772 hospitalizados y 141 de ellos en la UCI), y 3.291 en la provincia de Valencia (1.189 hospitalizados y 196 de ellos en la UCI). El n\u00famero de profesionales sanitarios que ha dado positivo en total es de 1.048 (126 en la provincia de Castell\u00f3n, 446 en la de Alicante y 476 en la provincia de Valencia).<\/p>\n\n\n\n<p>Hasta este jueves, se han producido 443 fallecimientos en la Comunitat Valenciana: 45 en la provincia de Castell\u00f3n, 188 en la Alicante y 210 en la de Valencia.&nbsp;<\/p>\n\n\n\n<p>Las pruebas que han dado un resultado negativo hasta el momento son 17.382&nbsp;<\/p>\n\n\n\n<p>Hasta la fecha, 2.173 profesionales sanitarios se han inscrito en la bolsa de trabajo habilitada por la Conselleria de Sanidad para que m\u00e9dicos, m\u00e9dicas y enfermeras jubilados hasta los 70 a\u00f1os y m\u00e9dicos y m\u00e9dicas que todav\u00eda no tienen especialidad puedan ayudar a combatir el coronavirus.<\/p>\n\n\n\n<p>\u00b7 Personal facultativo jubilado de menos de 70 a\u00f1os: 99<\/p>\n\n\n\n<p>\u00b7 Personal graduado en Medicina sin especialidad: 948<\/p>\n\n\n\n<p>\u00b7 Personal graduado en Enfermer\u00eda: 1.073<\/p>\n\n\n\n<p>\u00b7 Personal jubilado Enfermer\u00eda de menos de 70 a\u00f1os: 53<\/p>\n\n\n\n<p><strong>Actualizaci\u00f3n de la situaci\u00f3n en residencias de mayores<\/strong><\/p>\n\n\n\n<p>La consellera ha actualizado tambi\u00e9n la situaci\u00f3n de las residencias de personas mayores de la Comunitat Valenciana. Hasta el momento, se han detectado casos positivos en 84 centros (10 en la provincia de Castell\u00f3n, 22 en la provincia de Alicante, 52 en la provincia de Valencia):<\/p>\n\n\n\n<p>\u00b7 Residentes que han dado positivo: 536&nbsp;<\/p>\n\n\n\n<p>\u00b7 Personal trabajador que ha dado positivo: 166&nbsp;<\/p>\n\n\n\n<p>\u00b7 Residentes fallecidos: 118&nbsp;<\/p>\n\n\n\n<p>En estos momentos, se encuentran bajo vigilancia activa de control sanitario 7 residencias en la Comunitat Valenciana: 2 en la provincia de Castell\u00f3n, 2 en la de Alicante y 3 en la provincia de Valencia.<\/p>\n\n\n\n<p><strong>Servicio de farmacia a domicilio<\/strong><\/p>\n\n\n\n<p>La consellera ha explicado que las personas que necesiten sus medicamentos y no deben salir de casa para ir a la farmacia porque tienen s\u00edntomas de coronavirus o porque pertenecen a grupos de riesgo (personas mayores de 60 a\u00f1os, embarazadas o con patolog\u00edas como hipertensi\u00f3n arterial, diabetes, enfermedades cardiovasculares y pulmonares, c\u00e1ncer o inmunodeficiencias), pueden llamar al tel\u00e9fono 900 36 22 36 o enviar un correo electr\u00f3nico a&nbsp;<a href=\"mailto:medicamentsadomicili@gva.es\">medicamentsadomicili@gva.es<\/a>.<\/p>\n\n\n\n<p>De esta forma, la farmacia m\u00e1s cercana les llevar\u00e1 sus medicinas a casa, evitando desplazamientos y reduciendo as\u00ed el riesgo de contagio. Tambi\u00e9n pueden solicitarlas a trav\u00e9s de los servicios municipales de su localidad.&nbsp;<\/p>\n\n\n\n<p>Toda la informaci\u00f3n actualizada en:&nbsp;<a href=\"http:\/\/www.san.gva.es\/web_estatica\/coronavirus\/coronavirus_es.html\" target=\"_blank\" rel=\"noreferrer noopener\">consultar aqu\u00ed<\/a><\/p>\n","protected":false},"excerpt":{"rendered":"<div class=\"mh-excerpt\">La consellera de Sanidad Universal y Salud P\u00fablica, Ana Barcel\u00f3, ha comparecido este jueves para actualizar la informaci\u00f3n sobre la incidencia de coronavirus en la Comunitat Valenciana. Barcel\u00f3 ha celebrado que se han dado 432 <a class=\"mh-excerpt-more\" href=\"https:\/\/www.tucomarca.com\/wordpress\/segunda\/sanidad-confirma-386-nuevos-casos-de-coronavirus-en-la-comunitat-y-48-fallecidos-mas-en-el-dia-en-que-en-espana-registra-950-muertos-en-24-horas-y-supera-los-10-000\/\" title=\"Sanidad confirma 386 nuevos casos de coronavirus en la Comunitat y 48 fallecidos m\u00e1s en el d\u00eda en que en Espa\u00f1a registra 950 muertos en 24 horas y supera los 10.000\">[+] <\/a><\/div>\n","protected":false},"author":1,"featured_media":102270,"comment_status":"open","ping_status":"open","sticky":false,"template":"","format":"standard","meta":{"footnotes":""},"categories":[119,128,8,72,117,142,3,116,45],"tags":[11937,11938,11951],"class_list":{"0":"post-102244","1":"post","2":"type-post","3":"status-publish","4":"format-standard","5":"has-post-thumbnail","7":"category-sanidad-la-comarca","8":"category-infraestructuras","9":"category-la-comarca","10":"category-sin-categorizar","11":"category-medio-ambiente-la-comarca","12":"category-politica-la-comarca","13":"category-seccion","14":"category-sucesos-la-comarca","15":"category-ventana","16":"tag-coronavirus","17":"tag-covid-19","18":"tag-covid2019"},"_links":{"self":[{"href":"https:\/\/www.tucomarca.com\/wordpress\/segunda\/wp-json\/wp\/v2\/posts\/102244","targetHints":{"allow":["GET"]}}],"collection":[{"href":"https:\/\/www.tucomarca.com\/wordpress\/segunda\/wp-json\/wp\/v2\/posts"}],"about":[{"href":"https:\/\/www.tucomarca.com\/wordpress\/segunda\/wp-json\/wp\/v2\/types\/post"}],"author":[{"embeddable":true,"href":"https:\/\/www.tucomarca.com\/wordpress\/segunda\/wp-json\/wp\/v2\/users\/1"}],"replies":[{"embeddable":true,"href":"https:\/\/www.tucomarca.com\/wordpress\/segunda\/wp-json\/wp\/v2\/comments?post=102244"}],"version-history":[{"count":0,"href":"https:\/\/www.tucomarca.com\/wordpress\/segunda\/wp-json\/wp\/v2\/posts\/102244\/revisions"}],"wp:featuredmedia":[{"embeddable":true,"href":"https:\/\/www.tucomarca.com\/wordpress\/segunda\/wp-json\/wp\/v2\/media\/102270"}],"wp:attachment":[{"href":"https:\/\/www.tucomarca.com\/wordpress\/segunda\/wp-json\/wp\/v2\/media?parent=102244"}],"wp:term":[{"taxonomy":"category","embeddable":true,"href":"https:\/\/www.tucomarca.com\/wordpress\/segunda\/wp-json\/wp\/v2\/categories?post=102244"},{"taxonomy":"post_tag","embeddable":true,"href":"https:\/\/www.tucomarca.com\/wordpress\/segunda\/wp-json\/wp\/v2\/tags?post=102244"}],"curies":[{"name":"wp","href":"https:\/\/api.w.org\/{rel}","templated":true}]}}