{"id":10275,"date":"2012-12-27T10:02:35","date_gmt":"2012-12-27T09:02:35","guid":{"rendered":"http:\/\/www.tucomarca.com\/wordpress\/segunda\/?p=10275"},"modified":"2012-12-27T10:02:35","modified_gmt":"2012-12-27T09:02:35","slug":"la-asociacion-de-vecinos-%c2%abno-al-tunel%c2%bb-de-bunol-acusa-al-alcalde-de-%c2%abtraicionar-la-democracia%c2%bb-al-reactivar-el-tema-del-paso-a-nivel","status":"publish","type":"post","link":"https:\/\/www.tucomarca.com\/wordpress\/segunda\/la-asociacion-de-vecinos-%c2%abno-al-tunel%c2%bb-de-bunol-acusa-al-alcalde-de-%c2%abtraicionar-la-democracia%c2%bb-al-reactivar-el-tema-del-paso-a-nivel\/","title":{"rendered":"La asociaci\u00f3n de vecinos \u00abno al t\u00fanel\u00bb de Bu\u00f1ol acusa al alcalde de \u00abtraicionar la democracia\u00bb al reactivar el tema del paso a nivel"},"content":{"rendered":"<p>Seg\u00fan inform\u00f3 este peri\u00f3dico en su edici\u00f3n impresa, la asociaci\u00f3n de vecinos \u00abno al t\u00fanel\u00bb de Bu\u00f1ol ha salido al paso de las informaciones que apuntan a una posible reactivaci\u00f3n del proceso de construcci\u00f3n del t\u00fanel en la Avenida P\u00e9rez Gald\u00f3s. Sus representantes han acusado directamente a la m\u00e1xima autoridad local, Joaqu\u00edn Masmano (EU), de \u00abhaber traicionado, una vez m\u00e1s, la democracia\u00bb al solicitar otra vez al Ministerio de Fomento \u00abque se ejecute este agujero-trinchera al que el pueblo dijo claramente que no en el refer\u00e9ndum\u00bb, seg\u00fan han dicho.<br \/>\n\u00abNo olvidemos que antes de la celebraci\u00f3n de la consulta vecinal el alcalde dijo que cumplir\u00eda y acatar\u00eda lo que dijera la ciudadan\u00eda. Entonces, los vecinos le dijeron por amplia mayor\u00eda \u2014un 70% frente a un 30%\u2014 que no estaban a favor de este proyecto en el que ahora insiste de forma incomprensible y que confirma el talante antidemocr\u00e1tico y dictatorial de quien quiere conseguir en los despachos lo que no pudo conseguir en las urnas. A todo esto se suman las continuas amenazas al Director General de Ferrocarriles con la presentaci\u00f3n de demandas judiciales, algo que corrobora lo dicho anteriormente\u00bb, afirman desde el colectivo opositor al t\u00fanel.<br \/>\nPara los portavoces vecinales, resulta \u00abciertamente llamativo que Masmano realice continuos viajes a Madrid para pedir que se ejecute cuanto antes el t\u00fanel en la zona de Las Ventas, en lugar de buscar soluciones al desierto industrial en el que se ha convertido Bu\u00f1ol tras el continuo cierre de empresas y tras confirmarse un desempleo desbocado, cuestiones que deber\u00edan ser prioritarias en la actualidad\u00bb, seg\u00fan afirman desde la asociaci\u00f3n.<br \/>\n\u00abBu\u00f1ol no se merece que quienes nos gobiernan actualmente no defiendan a su pueblo, sino m\u00e1s bien otro tipo de intereses que se alejan del general\u00bb, han puntualizado.<br \/>\nLlegados a este punto, la asociaci\u00f3n de vecinos \u00abno al t\u00fanel\u00bb anuncia movilizaciones y \u00abacciones contundentes\u00bb en contra de este posicionamiento de Masmano, \u00abas\u00ed como del gobierno que le da respaldo\u00bb. Como a\u00f1aden, \u00abtodos ellos est\u00e1n caminando justo en contra de lo que el pueblo quiere\u00bb.<br \/>\n\u00abEl alcalde, como m\u00e1ximo responsable del \u00e1rea de Obras y Urbanismo, es el gran culpable en todo este asunto, pues es \u00e9l quien no ha dudado en enfrentarse a la voluntad de los bu\u00f1oleros e incluso en dar la espalda a lo que apoy\u00f3 en la campa\u00f1a electoral. Hay otra opciones para solucionar este asunto, aunque no se ha apostado por ellas\u00bb, concluyen desde el colectivo.<\/p>\n","protected":false},"excerpt":{"rendered":"<div class=\"mh-excerpt\">Seg\u00fan inform\u00f3 este peri\u00f3dico en su edici\u00f3n impresa, la asociaci\u00f3n de vecinos \u00abno al t\u00fanel\u00bb de Bu\u00f1ol ha salido al paso de las informaciones que apuntan a una posible reactivaci\u00f3n del proceso de construcci\u00f3n del <a class=\"mh-excerpt-more\" href=\"https:\/\/www.tucomarca.com\/wordpress\/segunda\/la-asociacion-de-vecinos-%c2%abno-al-tunel%c2%bb-de-bunol-acusa-al-alcalde-de-%c2%abtraicionar-la-democracia%c2%bb-al-reactivar-el-tema-del-paso-a-nivel\/\" title=\"La asociaci\u00f3n de vecinos \u00abno al t\u00fanel\u00bb de Bu\u00f1ol acusa al alcalde de \u00abtraicionar la democracia\u00bb al reactivar el tema del paso a nivel\">[+] <\/a><\/div>\n","protected":false},"author":2,"featured_media":0,"comment_status":"open","ping_status":"open","sticky":false,"template":"","format":"standard","meta":{"footnotes":""},"categories":[18,128,8,10,3],"tags":[10385,219],"class_list":{"0":"post-10275","1":"post","2":"type-post","3":"status-publish","4":"format-standard","6":"category-bunol","7":"category-infraestructuras","8":"category-la-comarca","9":"category-la-hoya","10":"category-seccion","11":"tag-bunol","12":"tag-tunel"},"_links":{"self":[{"href":"https:\/\/www.tucomarca.com\/wordpress\/segunda\/wp-json\/wp\/v2\/posts\/10275","targetHints":{"allow":["GET"]}}],"collection":[{"href":"https:\/\/www.tucomarca.com\/wordpress\/segunda\/wp-json\/wp\/v2\/posts"}],"about":[{"href":"https:\/\/www.tucomarca.com\/wordpress\/segunda\/wp-json\/wp\/v2\/types\/post"}],"author":[{"embeddable":true,"href":"https:\/\/www.tucomarca.com\/wordpress\/segunda\/wp-json\/wp\/v2\/users\/2"}],"replies":[{"embeddable":true,"href":"https:\/\/www.tucomarca.com\/wordpress\/segunda\/wp-json\/wp\/v2\/comments?post=10275"}],"version-history":[{"count":0,"href":"https:\/\/www.tucomarca.com\/wordpress\/segunda\/wp-json\/wp\/v2\/posts\/10275\/revisions"}],"wp:attachment":[{"href":"https:\/\/www.tucomarca.com\/wordpress\/segunda\/wp-json\/wp\/v2\/media?parent=10275"}],"wp:term":[{"taxonomy":"category","embeddable":true,"href":"https:\/\/www.tucomarca.com\/wordpress\/segunda\/wp-json\/wp\/v2\/categories?post=10275"},{"taxonomy":"post_tag","embeddable":true,"href":"https:\/\/www.tucomarca.com\/wordpress\/segunda\/wp-json\/wp\/v2\/tags?post=10275"}],"curies":[{"name":"wp","href":"https:\/\/api.w.org\/{rel}","templated":true}]}}