{"id":102849,"date":"2020-04-09T01:06:33","date_gmt":"2020-04-08T23:06:33","guid":{"rendered":"http:\/\/www.tucomarca.com\/wordpress\/segunda\/?p=102849"},"modified":"2020-04-09T01:11:00","modified_gmt":"2020-04-08T23:11:00","slug":"el-ayuntamiento-de-cortes-de-pallas-agradece-a-adapta-ortopedia-su-donacion-de-material-para-el-servicio-de-ayuda-a-domicilio","status":"publish","type":"post","link":"https:\/\/www.tucomarca.com\/wordpress\/segunda\/el-ayuntamiento-de-cortes-de-pallas-agradece-a-adapta-ortopedia-su-donacion-de-material-para-el-servicio-de-ayuda-a-domicilio\/","title":{"rendered":"El Ayuntamiento de Cortes de Pall\u00e1s agradece a Adapta Ortopedia su donaci\u00f3n de material para el servicio de Ayuda a Domicilio"},"content":{"rendered":"\n<p>Desde el Ayuntamiento de Cortes de Pall\u00e1s han querido \u00abagradecer muy especialmente la donaci\u00f3n del material donado por Adapta Ortopedia, ubicada en L\u2019Alc\u00fadia, que no solo nos ha ayudado para nuestro personal, sino que adem\u00e1s hemos podido compartir el material con las tiendas y los servicios b\u00e1sicos de la localidad\u00bb, como han informado fuentes municipales<\/p>\n\n\n\n<p>\u00abAgradecer muy especialmente a Francisco S\u00e1nchez Arocas, trabajador de la empresa e hijo de nuestro pueblo, por haber realizado las gestiones oportunas para que esto fuera posible\u00bb.<\/p>\n\n\n\n<p>Se trata de unas pantallas protectoras para el Servicio de Ayuda a Domicilio, \u00abque recogimos el pasado 30 de marzo para que puedan desarrollar sus tareas con una mayor protecci\u00f3n\u00bb, como han insistido las fuentes del consistorio, desde donde han recalcado que \u00abcuando estamos todos juntos, nadie se queda atr\u00e1s\u00bb.<\/p>\n\n\n\n<ul class=\"wp-block-gallery columns-3 is-cropped wp-block-gallery-1 is-layout-flex wp-block-gallery-is-layout-flex\"><li class=\"blocks-gallery-item\"><figure><img loading=\"lazy\" decoding=\"async\" width=\"1024\" height=\"768\" src=\"https:\/\/www.tucomarca.com\/wordpress\/segunda\/wp-content\/uploads\/2020\/04\/CortesOrtopediaCorona4-1024x768.jpeg\" alt=\"\" data-id=\"102856\" data-link=\"https:\/\/www.tucomarca.com\/wordpress\/segunda\/?attachment_id=102856\" class=\"wp-image-102856\" srcset=\"https:\/\/www.tucomarca.com\/wordpress\/segunda\/wp-content\/uploads\/2020\/04\/CortesOrtopediaCorona4-1024x768.jpeg 1024w, https:\/\/www.tucomarca.com\/wordpress\/segunda\/wp-content\/uploads\/2020\/04\/CortesOrtopediaCorona4-300x225.jpeg 300w, https:\/\/www.tucomarca.com\/wordpress\/segunda\/wp-content\/uploads\/2020\/04\/CortesOrtopediaCorona4-768x576.jpeg 768w, https:\/\/www.tucomarca.com\/wordpress\/segunda\/wp-content\/uploads\/2020\/04\/CortesOrtopediaCorona4-678x509.jpeg 678w, https:\/\/www.tucomarca.com\/wordpress\/segunda\/wp-content\/uploads\/2020\/04\/CortesOrtopediaCorona4-326x245.jpeg 326w, https:\/\/www.tucomarca.com\/wordpress\/segunda\/wp-content\/uploads\/2020\/04\/CortesOrtopediaCorona4-80x60.jpeg 80w, https:\/\/www.tucomarca.com\/wordpress\/segunda\/wp-content\/uploads\/2020\/04\/CortesOrtopediaCorona4.jpeg 2016w\" sizes=\"auto, (max-width: 1024px) 100vw, 1024px\" \/><\/figure><\/li><li class=\"blocks-gallery-item\"><figure><img loading=\"lazy\" decoding=\"async\" width=\"1024\" height=\"768\" src=\"https:\/\/www.tucomarca.com\/wordpress\/segunda\/wp-content\/uploads\/2020\/04\/CortesOrtopediaCorona3-1024x768.jpeg\" alt=\"\" data-id=\"102854\" data-link=\"https:\/\/www.tucomarca.com\/wordpress\/segunda\/?attachment_id=102854\" class=\"wp-image-102854\" srcset=\"https:\/\/www.tucomarca.com\/wordpress\/segunda\/wp-content\/uploads\/2020\/04\/CortesOrtopediaCorona3-1024x768.jpeg 1024w, https:\/\/www.tucomarca.com\/wordpress\/segunda\/wp-content\/uploads\/2020\/04\/CortesOrtopediaCorona3-300x225.jpeg 300w, https:\/\/www.tucomarca.com\/wordpress\/segunda\/wp-content\/uploads\/2020\/04\/CortesOrtopediaCorona3-768x576.jpeg 768w, https:\/\/www.tucomarca.com\/wordpress\/segunda\/wp-content\/uploads\/2020\/04\/CortesOrtopediaCorona3-678x509.jpeg 678w, https:\/\/www.tucomarca.com\/wordpress\/segunda\/wp-content\/uploads\/2020\/04\/CortesOrtopediaCorona3-326x245.jpeg 326w, https:\/\/www.tucomarca.com\/wordpress\/segunda\/wp-content\/uploads\/2020\/04\/CortesOrtopediaCorona3-80x60.jpeg 80w, https:\/\/www.tucomarca.com\/wordpress\/segunda\/wp-content\/uploads\/2020\/04\/CortesOrtopediaCorona3.jpeg 2016w\" sizes=\"auto, (max-width: 1024px) 100vw, 1024px\" \/><\/figure><\/li><li class=\"blocks-gallery-item\"><figure><img loading=\"lazy\" decoding=\"async\" width=\"1024\" height=\"769\" src=\"https:\/\/www.tucomarca.com\/wordpress\/segunda\/wp-content\/uploads\/2020\/04\/CortesOrtopediaCorona2-1024x769.jpeg\" alt=\"\" data-id=\"102852\" data-link=\"https:\/\/www.tucomarca.com\/wordpress\/segunda\/?attachment_id=102852\" class=\"wp-image-102852\" srcset=\"https:\/\/www.tucomarca.com\/wordpress\/segunda\/wp-content\/uploads\/2020\/04\/CortesOrtopediaCorona2.jpeg 1024w, https:\/\/www.tucomarca.com\/wordpress\/segunda\/wp-content\/uploads\/2020\/04\/CortesOrtopediaCorona2-300x225.jpeg 300w, https:\/\/www.tucomarca.com\/wordpress\/segunda\/wp-content\/uploads\/2020\/04\/CortesOrtopediaCorona2-768x577.jpeg 768w, https:\/\/www.tucomarca.com\/wordpress\/segunda\/wp-content\/uploads\/2020\/04\/CortesOrtopediaCorona2-678x509.jpeg 678w, https:\/\/www.tucomarca.com\/wordpress\/segunda\/wp-content\/uploads\/2020\/04\/CortesOrtopediaCorona2-326x245.jpeg 326w, https:\/\/www.tucomarca.com\/wordpress\/segunda\/wp-content\/uploads\/2020\/04\/CortesOrtopediaCorona2-80x60.jpeg 80w\" sizes=\"auto, (max-width: 1024px) 100vw, 1024px\" \/><\/figure><\/li><li class=\"blocks-gallery-item\"><figure><img loading=\"lazy\" decoding=\"async\" width=\"1024\" height=\"768\" src=\"https:\/\/www.tucomarca.com\/wordpress\/segunda\/wp-content\/uploads\/2020\/04\/CortesOrtopediaCorona1-1024x768.jpeg\" alt=\"\" data-id=\"102850\" data-link=\"https:\/\/www.tucomarca.com\/wordpress\/segunda\/?attachment_id=102850\" class=\"wp-image-102850\" srcset=\"https:\/\/www.tucomarca.com\/wordpress\/segunda\/wp-content\/uploads\/2020\/04\/CortesOrtopediaCorona1.jpeg 1024w, https:\/\/www.tucomarca.com\/wordpress\/segunda\/wp-content\/uploads\/2020\/04\/CortesOrtopediaCorona1-300x225.jpeg 300w, https:\/\/www.tucomarca.com\/wordpress\/segunda\/wp-content\/uploads\/2020\/04\/CortesOrtopediaCorona1-768x576.jpeg 768w, https:\/\/www.tucomarca.com\/wordpress\/segunda\/wp-content\/uploads\/2020\/04\/CortesOrtopediaCorona1-678x509.jpeg 678w, https:\/\/www.tucomarca.com\/wordpress\/segunda\/wp-content\/uploads\/2020\/04\/CortesOrtopediaCorona1-326x245.jpeg 326w, https:\/\/www.tucomarca.com\/wordpress\/segunda\/wp-content\/uploads\/2020\/04\/CortesOrtopediaCorona1-80x60.jpeg 80w\" sizes=\"auto, (max-width: 1024px) 100vw, 1024px\" \/><\/figure><\/li><\/ul>\n","protected":false},"excerpt":{"rendered":"<div class=\"mh-excerpt\">Desde el Ayuntamiento de Cortes de Pall\u00e1s han querido \u00abagradecer muy especialmente la donaci\u00f3n del material donado por Adapta Ortopedia, ubicada en L\u2019Alc\u00fadia, que no solo nos ha ayudado para nuestro personal, sino que adem\u00e1s <a class=\"mh-excerpt-more\" href=\"https:\/\/www.tucomarca.com\/wordpress\/segunda\/el-ayuntamiento-de-cortes-de-pallas-agradece-a-adapta-ortopedia-su-donacion-de-material-para-el-servicio-de-ayuda-a-domicilio\/\" title=\"El Ayuntamiento de Cortes de Pall\u00e1s agradece a Adapta Ortopedia su donaci\u00f3n de material para el servicio de Ayuda a Domicilio\">[+] <\/a><\/div>\n","protected":false},"author":1,"featured_media":102854,"comment_status":"open","ping_status":"open","sticky":false,"template":"","format":"gallery","meta":{"footnotes":""},"categories":[38,119,40,128,8,117,142,3,116],"tags":[11937,11938,11951],"class_list":{"0":"post-102849","1":"post","2":"type-post","3":"status-publish","4":"format-gallery","5":"has-post-thumbnail","7":"category-ayora-cofrentes","8":"category-sanidad-la-comarca","9":"category-cortes-de-pallas","10":"category-infraestructuras","11":"category-la-comarca","12":"category-medio-ambiente-la-comarca","13":"category-politica-la-comarca","14":"category-seccion","15":"category-sucesos-la-comarca","16":"tag-coronavirus","17":"tag-covid-19","18":"tag-covid2019","19":"post_format-post-format-gallery"},"_links":{"self":[{"href":"https:\/\/www.tucomarca.com\/wordpress\/segunda\/wp-json\/wp\/v2\/posts\/102849","targetHints":{"allow":["GET"]}}],"collection":[{"href":"https:\/\/www.tucomarca.com\/wordpress\/segunda\/wp-json\/wp\/v2\/posts"}],"about":[{"href":"https:\/\/www.tucomarca.com\/wordpress\/segunda\/wp-json\/wp\/v2\/types\/post"}],"author":[{"embeddable":true,"href":"https:\/\/www.tucomarca.com\/wordpress\/segunda\/wp-json\/wp\/v2\/users\/1"}],"replies":[{"embeddable":true,"href":"https:\/\/www.tucomarca.com\/wordpress\/segunda\/wp-json\/wp\/v2\/comments?post=102849"}],"version-history":[{"count":0,"href":"https:\/\/www.tucomarca.com\/wordpress\/segunda\/wp-json\/wp\/v2\/posts\/102849\/revisions"}],"wp:featuredmedia":[{"embeddable":true,"href":"https:\/\/www.tucomarca.com\/wordpress\/segunda\/wp-json\/wp\/v2\/media\/102854"}],"wp:attachment":[{"href":"https:\/\/www.tucomarca.com\/wordpress\/segunda\/wp-json\/wp\/v2\/media?parent=102849"}],"wp:term":[{"taxonomy":"category","embeddable":true,"href":"https:\/\/www.tucomarca.com\/wordpress\/segunda\/wp-json\/wp\/v2\/categories?post=102849"},{"taxonomy":"post_tag","embeddable":true,"href":"https:\/\/www.tucomarca.com\/wordpress\/segunda\/wp-json\/wp\/v2\/tags?post=102849"}],"curies":[{"name":"wp","href":"https:\/\/api.w.org\/{rel}","templated":true}]}}