{"id":10319,"date":"2012-12-28T19:52:08","date_gmt":"2012-12-28T18:52:08","guid":{"rendered":"http:\/\/www.tucomarca.com\/wordpress\/segunda\/?p=10319"},"modified":"2012-12-28T19:52:08","modified_gmt":"2012-12-28T18:52:08","slug":"el-ivcr-clausura-el-taller-de-empleo-de-musealizacion-del-yacimiento-de-la-solana-de-las-pilillas-en-requena","status":"publish","type":"post","link":"https:\/\/www.tucomarca.com\/wordpress\/segunda\/el-ivcr-clausura-el-taller-de-empleo-de-musealizacion-del-yacimiento-de-la-solana-de-las-pilillas-en-requena\/","title":{"rendered":"El IVC+r clausura el taller de empleo de musealizaci\u00f3n del yacimiento de la Solana de las Pilillas en Requena"},"content":{"rendered":"<figure id=\"attachment_10320\" aria-describedby=\"caption-attachment-10320\" style=\"width: 300px\" class=\"wp-caption alignleft\"><a href=\"https:\/\/www.tucomarca.com\/wordpress\/segunda\/wp-content\/uploads\/2012\/12\/Calusura_Pilillas.jpg\"><img loading=\"lazy\" decoding=\"async\" class=\"size-medium wp-image-10320\" title=\"Calusura_Pilillas\" src=\"https:\/\/www.tucomarca.com\/wordpress\/segunda\/wp-content\/uploads\/2012\/12\/Calusura_Pilillas-300x172.jpg\" alt=\"Participantes en la jornada de clausura.\" width=\"300\" height=\"172\" srcset=\"https:\/\/www.tucomarca.com\/wordpress\/segunda\/wp-content\/uploads\/2012\/12\/Calusura_Pilillas-300x172.jpg 300w, https:\/\/www.tucomarca.com\/wordpress\/segunda\/wp-content\/uploads\/2012\/12\/Calusura_Pilillas-1024x587.jpg 1024w\" sizes=\"auto, (max-width: 300px) 100vw, 300px\" \/><\/a><figcaption id=\"caption-attachment-10320\" class=\"wp-caption-text\">Participantes en la jornada de clausura.<\/figcaption><\/figure>\n<p>La directora del Instituto Valenciano de Conservaci\u00f3n y Restauraci\u00f3n de  Bienes Culturales (IVC+r), Carmen P\u00e9rez, ha clausurado esta ma\u00f1ana el  Taller de Empleo de Musealizaci\u00f3n del paisaje cultural de La Solana de  Las Pilillas (Requena), que se ha desarrollado a lo largo del a\u00f1o 2012.<\/p>\n<p>Carmen P\u00e9rez ha destacado que \u00abeste proyecto ha supuesto una  experiencia formativa y de generaci\u00f3n de empleo que permitir\u00e1 potenciar  el turismo cultural y recuperar el origen de la vitivinicultura en la  comarca de Requena-Utiel\u00bb.<\/p>\n<p>Este taller ha sido promovido por el IVC+r y ha contado con la  financiaci\u00f3n del SERVEF, dentro de su programa de formaci\u00f3n y fomento  del empleo. Tambi\u00e9n han colaborado en este proyecto el Ayuntamiento de  Requena y el Parque Natural de las Hoces del Cabriel.<\/p>\n<p>En \u00e9l se ha impartido un curso formativo a 16 alumnos  desempleados distribuidos en dos m\u00f3dulos: uno de excavaciones  arqueol\u00f3gicas y otro de restauraci\u00f3n del patrimonio. Las clases han sido  impartidas por 4 profesores y un director especializados en arqueolog\u00eda  y restauraci\u00f3n.<\/p>\n<p>El yacimiento de Las Pilillas est\u00e1 situado en el Parque Natural  de las Hoces del Cabriel, en el margen derecho de la Rambla de los  Morenos, un afluente de este r\u00edo, en un medio f\u00edsico protegido y de una  gran riqueza ecol\u00f3gica y paisaj\u00edstica. Las Pilillas son lagares  rupestres de \u00e9poca ib\u00e9rica. Se trata de uno de los lugares de producci\u00f3n  de vino m\u00e1s antiguo del mediterr\u00e1neo occidental.<\/p>\n<p>La intervenci\u00f3n de los alumnos del m\u00f3dulo auxiliar de  arqueolog\u00eda, en las excavaciones arqueol\u00f3gicas ha tenido como objeto la  familiarizaci\u00f3n del alumno con su futuro entorno de trabajo. La  experiencia de los docentes y su conocimiento del desarrollo de una  excavaci\u00f3n han permitido guiar al alumno en el desempe\u00f1o de la pr\u00e1ctica  profesional y su aplicaci\u00f3n en el trabajo diario de la te\u00f3rica impartida  en las aulas.<\/p>\n<p><strong>Yacimiento de las Pilillas <\/strong><\/p>\n<p>En Las Pilillas los alumnos del taller de empleo han  participado en la excavaci\u00f3n arqueol\u00f3gica para la recuperaci\u00f3n del  complejo productor de vino m\u00e1s antiguo de la Pen\u00ednsula Ib\u00e9rica (Siglos  VII-VI a de C), unos trabajos iniciados por el IVC+R en el a\u00f1o 2008.<\/p>\n<p>Las excavaciones realizadas hasta la actualidad han permitido  sacar a la luz parte de las estructuras asociadas a la producci\u00f3n de  vino: lagares, bodegas y otras estructuras anexas. El trabajo  arqueol\u00f3gico ha consistido en la excavaci\u00f3n de las estructuras  documentadas para su futura musealizaci\u00f3n.<\/p>\n<p>Dentro del m\u00f3dulo de restauraci\u00f3n de patrimonio se han  desarrollado trabajos en los lagares rupestres y de las estructuras  murarias recuperadas mediante la excavaci\u00f3n arqueol\u00f3gica, as\u00ed como de  los materiales arqueol\u00f3gicos asociados. Los lagares rupestres  presentaban problemas de conservaci\u00f3n ocasionados por los agentes  atmosf\u00e9ricos. Coordinados por los restauradores del Institut Valenci\u00e0 de  Conservaci\u00f3 i Restauraci\u00f3 de B\u00e9ns Culturals los alumnos del Taller de  Empleo han participado en los trabajos de consolidaci\u00f3n y restauraci\u00f3n  de estas estructuras. De forma simult\u00e1nea se ha procedido a la  consolidaci\u00f3n de los muros y terrazas que configuran el yacimiento.<\/p>\n<p>Durante los trabajos de excavaci\u00f3n se han recuperados  importantes cantidades de restos cer\u00e1micos especialmente \u00e1nforas  vinarias, tinajas y platos con decoraciones geom\u00e9tricas propias del  siglo VI a. C. Estos materiales han sido sometidos a un primer  tratamiento conservativo por los alumnos del m\u00f3dulo de conservaci\u00f3n como  paso previo a la intervenci\u00f3n definitiva que se est\u00e1 desarrollando en  los talleres de restauraci\u00f3n arqueol\u00f3gica del IVC+R.<\/p>\n","protected":false},"excerpt":{"rendered":"<div class=\"mh-excerpt\">La directora del Instituto Valenciano de Conservaci\u00f3n y Restauraci\u00f3n de Bienes Culturales (IVC+r), Carmen P\u00e9rez, ha clausurado esta ma\u00f1ana el Taller de Empleo de Musealizaci\u00f3n del paisaje cultural de La Solana de Las Pilillas (Requena), <a class=\"mh-excerpt-more\" href=\"https:\/\/www.tucomarca.com\/wordpress\/segunda\/el-ivcr-clausura-el-taller-de-empleo-de-musealizacion-del-yacimiento-de-la-solana-de-las-pilillas-en-requena\/\" title=\"El IVC+r clausura el taller de empleo de musealizaci\u00f3n del yacimiento de la Solana de las Pilillas en Requena\">[+] <\/a><\/div>\n","protected":false},"author":1,"featured_media":10320,"comment_status":"open","ping_status":"open","sticky":false,"template":"","format":"standard","meta":{"footnotes":""},"categories":[128,8,28,27,3,45],"tags":[],"class_list":{"0":"post-10319","1":"post","2":"type-post","3":"status-publish","4":"format-standard","5":"has-post-thumbnail","7":"category-infraestructuras","8":"category-la-comarca","9":"category-requena","10":"category-requena-utiel","11":"category-seccion","12":"category-ventana"},"_links":{"self":[{"href":"https:\/\/www.tucomarca.com\/wordpress\/segunda\/wp-json\/wp\/v2\/posts\/10319","targetHints":{"allow":["GET"]}}],"collection":[{"href":"https:\/\/www.tucomarca.com\/wordpress\/segunda\/wp-json\/wp\/v2\/posts"}],"about":[{"href":"https:\/\/www.tucomarca.com\/wordpress\/segunda\/wp-json\/wp\/v2\/types\/post"}],"author":[{"embeddable":true,"href":"https:\/\/www.tucomarca.com\/wordpress\/segunda\/wp-json\/wp\/v2\/users\/1"}],"replies":[{"embeddable":true,"href":"https:\/\/www.tucomarca.com\/wordpress\/segunda\/wp-json\/wp\/v2\/comments?post=10319"}],"version-history":[{"count":0,"href":"https:\/\/www.tucomarca.com\/wordpress\/segunda\/wp-json\/wp\/v2\/posts\/10319\/revisions"}],"wp:featuredmedia":[{"embeddable":true,"href":"https:\/\/www.tucomarca.com\/wordpress\/segunda\/wp-json\/wp\/v2\/media\/10320"}],"wp:attachment":[{"href":"https:\/\/www.tucomarca.com\/wordpress\/segunda\/wp-json\/wp\/v2\/media?parent=10319"}],"wp:term":[{"taxonomy":"category","embeddable":true,"href":"https:\/\/www.tucomarca.com\/wordpress\/segunda\/wp-json\/wp\/v2\/categories?post=10319"},{"taxonomy":"post_tag","embeddable":true,"href":"https:\/\/www.tucomarca.com\/wordpress\/segunda\/wp-json\/wp\/v2\/tags?post=10319"}],"curies":[{"name":"wp","href":"https:\/\/api.w.org\/{rel}","templated":true}]}}