{"id":10335,"date":"2012-12-31T14:24:05","date_gmt":"2012-12-31T13:24:05","guid":{"rendered":"http:\/\/www.tucomarca.com\/wordpress\/segunda\/?p=10335"},"modified":"2012-12-31T14:24:05","modified_gmt":"2012-12-31T13:24:05","slug":"medio-ambiente-introduce-mas-de-1-000-arboles-y-arbustos-para-restaurar-los-ecosistemas-de-chera","status":"publish","type":"post","link":"https:\/\/www.tucomarca.com\/wordpress\/segunda\/medio-ambiente-introduce-mas-de-1-000-arboles-y-arbustos-para-restaurar-los-ecosistemas-de-chera\/","title":{"rendered":"Medio Ambiente introduce m\u00e1s de 1.000 \u00e1rboles y arbustos para restaurar los ecosistemas de Chera"},"content":{"rendered":"<p>La Conselleria de Infraestructuras, Territorio y Medio Ambiente ha  repoblado con m\u00e1s de 1.000 ejemplares los principales ecosistemas  forestales amenazados del Parque Natural de Chera-Sot de Chera.<\/p>\n<p>Es la tercera vez consecutiva que se procede a la repoblaci\u00f3n  de esta clase de ecosistemas, que se consideran h\u00e1bitats prioritarios  seg\u00fan las normativas europeas y que forman parte de la Red Natura 2000.<\/p>\n<p>Este a\u00f1o, adem\u00e1s, el esfuerzo del Servicio de Biodiversidad, el  Centro de Experimentaci\u00f3n e Investigaci\u00f3n Forestal y el equipo de  t\u00e9cnicos del Parque, todos ellos bajo la coordinaci\u00f3n de la conselleria,  ha sido todav\u00eda mayor, con el fin de paliar las consecuencias de la  degradaci\u00f3n padecida por el bosque a ra\u00edz de los incendios recientes.<\/p>\n<p>El desarrollo de los trabajos se ha centrado en parcelas de  reducidas dimensiones seleccionadas previamente por toda el \u00e1rea de este  paraje del interior de la provincia de Valencia. Se han introducido m\u00e1s  de mil ejemplares de distintas especies, entre las que destaca el tejo.  A este emblem\u00e1tico \u00e1rbol se le ha sumado el arce (Acer granatense), el  quejigo (Quercus faginea), el serbal (Sorbus aria), la sabina (Juniperus  phoenicea), el durillo (Viburnum tinus) o el madro\u00f1o (Arbutus unedo),  entre otros. Junto a otra clase de vegetales, como el jazm\u00edn (Jasminus  fruticans), la madreselva (Lonicera etrusca) y el espino blanco  (Crataegus monogyna).<\/p>\n<p>Cabe destacar que toda la vegetaci\u00f3n con la que se ha efectuado  la repoblaci\u00f3n de los ecosistemas se caracteriza por la generaci\u00f3n de  relaciones mutualistas con la fauna del \u00e1rea natural de Chera. Estas  especies de arbustos y \u00e1rboles producen frutos carnosos que suponen un  reclamo para los animales, quienes, al recolectarlos y consumirlos,  dispersan las semillas por otras zonas. El resultado a largo plazo es la  evoluci\u00f3n de la masa forestal hacia formaciones m\u00e1s maduras y diversas.<\/p>\n","protected":false},"excerpt":{"rendered":"<div class=\"mh-excerpt\">La Conselleria de Infraestructuras, Territorio y Medio Ambiente ha repoblado con m\u00e1s de 1.000 ejemplares los principales ecosistemas forestales amenazados del Parque Natural de Chera-Sot de Chera. Es la tercera vez consecutiva que se procede <a class=\"mh-excerpt-more\" href=\"https:\/\/www.tucomarca.com\/wordpress\/segunda\/medio-ambiente-introduce-mas-de-1-000-arboles-y-arbustos-para-restaurar-los-ecosistemas-de-chera\/\" title=\"Medio Ambiente introduce m\u00e1s de 1.000 \u00e1rboles y arbustos para restaurar los ecosistemas de Chera\">[+] <\/a><\/div>\n","protected":false},"author":1,"featured_media":0,"comment_status":"open","ping_status":"open","sticky":false,"template":"","format":"standard","meta":{"footnotes":""},"categories":[169,186,8,59,117,3,197],"tags":[],"class_list":{"0":"post-10335","1":"post","2":"type-post","3":"status-publish","4":"format-standard","6":"category-agricultura-la-comarca","7":"category-chera-los-serranos","8":"category-la-comarca","9":"category-los-serranos","10":"category-medio-ambiente-la-comarca","11":"category-seccion","12":"category-sot-de-chera"},"_links":{"self":[{"href":"https:\/\/www.tucomarca.com\/wordpress\/segunda\/wp-json\/wp\/v2\/posts\/10335","targetHints":{"allow":["GET"]}}],"collection":[{"href":"https:\/\/www.tucomarca.com\/wordpress\/segunda\/wp-json\/wp\/v2\/posts"}],"about":[{"href":"https:\/\/www.tucomarca.com\/wordpress\/segunda\/wp-json\/wp\/v2\/types\/post"}],"author":[{"embeddable":true,"href":"https:\/\/www.tucomarca.com\/wordpress\/segunda\/wp-json\/wp\/v2\/users\/1"}],"replies":[{"embeddable":true,"href":"https:\/\/www.tucomarca.com\/wordpress\/segunda\/wp-json\/wp\/v2\/comments?post=10335"}],"version-history":[{"count":0,"href":"https:\/\/www.tucomarca.com\/wordpress\/segunda\/wp-json\/wp\/v2\/posts\/10335\/revisions"}],"wp:attachment":[{"href":"https:\/\/www.tucomarca.com\/wordpress\/segunda\/wp-json\/wp\/v2\/media?parent=10335"}],"wp:term":[{"taxonomy":"category","embeddable":true,"href":"https:\/\/www.tucomarca.com\/wordpress\/segunda\/wp-json\/wp\/v2\/categories?post=10335"},{"taxonomy":"post_tag","embeddable":true,"href":"https:\/\/www.tucomarca.com\/wordpress\/segunda\/wp-json\/wp\/v2\/tags?post=10335"}],"curies":[{"name":"wp","href":"https:\/\/api.w.org\/{rel}","templated":true}]}}