{"id":103504,"date":"2020-04-14T10:55:04","date_gmt":"2020-04-14T08:55:04","guid":{"rendered":"http:\/\/www.tucomarca.com\/wordpress\/segunda\/?p=103504"},"modified":"2020-04-14T21:48:54","modified_gmt":"2020-04-14T19:48:54","slug":"eu-compromis-de-godelleta-recuerda-el-aniversario-de-la-proclamacion-de-la-segunda-republica-espanola","status":"publish","type":"post","link":"https:\/\/www.tucomarca.com\/wordpress\/segunda\/eu-compromis-de-godelleta-recuerda-el-aniversario-de-la-proclamacion-de-la-segunda-republica-espanola\/","title":{"rendered":"EU-Comprom\u00eds de Godelleta recuerda el aniversario de la proclamaci\u00f3n de la Segunda Rep\u00fablica Espa\u00f1ola"},"content":{"rendered":"\n<p>\u00abEl martes 14 de abril de 2020 se cumplir\u00e1 el aniversario de la proclamaci\u00f3n de la Segunda Rep\u00fablica en el Estado espa\u00f1ol.&nbsp;Desgraciadamente este a\u00f1o y debido a la grave crisis del Coronavirus que nos afecta, han quedado suspendidos los actos p\u00fablicos conmemorativos y reivindicativos que hab\u00edan sido programados y que se ten\u00edan que celebrar. Esperamos que pronto el maligno virus sea vencido y podamos volver a la normalidad, ese es, al menos, nuestro m\u00e1s ferviente deseo\u00bb, como ha explicado el portavoz del grupo pol\u00edtico municipal de Esquerra Unida-Comprom\u00eds por Godelleta, Pablo Rodr\u00edguez.<\/p>\n\n\n\n<p>\u00abEn el Pleno de la Corporaci\u00f3n municipal del Ayuntamiento de Godelleta celebrado el jueves d\u00eda 12 de marzo de 2020 el grupo pol\u00edtico d\u00b4Esquerra Unida-Comprom\u00eds dijo a trav\u00e9s del concejal-portavoz e hizo constar en acta lo siguiente: Primero, recordar que el 14 de abril de 1931 se proclam\u00f3 pac\u00edficamente en Espa\u00f1a la Segunda Rep\u00fablica tras la celebraci\u00f3n de unas elecciones municipales. Un r\u00e9gimen pol\u00edtico en el que TODAS las Instituciones del Estado eran elegibles por la ciudadan\u00eda y en el que las l\u00edneas b\u00e1sicas de su actuaci\u00f3n pol\u00edtica recogidas en la Constituci\u00f3n de 1931 se basaban en la Libertad, Igualdad y Fraternidad\u00bb.<\/p>\n\n\n\n<p>\u00abRendir un homenaje a las trabajadoras y a los trabajadores, a las funcionarias y a los funcionarios, a los&nbsp;concejales y a los Alcaldes que gestionaron la vida pol\u00edtica, econ\u00f3mica y social del Ayuntamiento de Godelleta durante la etapa republicana, es decir, desde el 14 de abril de 1931 hasta el 1 de abril de 1939, ellas y ellos y junto a vecinas y vecinos que se mantuvieron siempre fieles a las leyes establecidas en la Constituci\u00f3n de 1931\u00bb.<\/p>\n\n\n\n<p>Y tercero, reivindicar para el futuro de Espa\u00f1a la ca\u00edda de la monarqu\u00eda y la llegada de un nuevo r\u00e9gimen republicano&nbsp; en donde todas las Instituciones del Estado sean elegibles democr\u00e1ticamente por las ciudadanas y por los ciudadanos. Quiero finalizar deseando una gran victoria en la guerra contra el Coronavirus que nos afecta y la llegada de la Rep\u00fablica a Espa\u00f1a\u00bb, ha a\u00f1adido el concejal de Esquerra Unida-Comprom\u00eds por Godelleta.<\/p>\n\n\n\n<p><strong>Libro on line sobre la II Rep\u00fablica<\/strong><\/p>\n\n\n\n<p>\u00abEn estos d\u00edas de confinamiento obligatorio debido a la grave crisis generada por la pandemia del Coronavirus, podemos encontrar la excusa perfecta para la lectura. Desde Godelleta ofrecemos en formato libre acceso al primer libro de una trilog\u00eda que refleja la historia del municipio y la comarca que se titula \u201cGodelleta Republicana 1931-1936\u201d\u00bb, seg\u00fan ha informado Pablo Rodr\u00edguez Cort\u00e9s desde Esquerra Unida-Comprom\u00eds.. <\/p>\n\n\n\n<p>\u00abLos otros dos libros se titulan \u201cGodelleta y la Guerra Civil 1936-1939\u201d y \u201cGodelleta durante la Dictadura Franquista 1939-1953\u201d. El tercer libro que expone el per\u00edodo de la dictadura franquista es el que el Gobierno municipal de Godelleta del Partido Popular, Ciudadanos y Urbanizaciones se niega a pagar a la editorial por el trabajo realizado. Por este motivo el asunto est\u00e1 en manos de la Fiscal\u00eda Provincial de Valencia\u00bb, han a\u00f1adido.<\/p>\n\n\n\n<p>\u00abSi quieren ustedes leer el libro primero de la trilog\u00eda que les ofrecemos pinchen sobre el enlace que viene a continuaci\u00f3n. Gracias. http\/www.bit.ly\/godelletarepublicana\u00bb, ha finalizado Pablo Rodr\u00edguez Cort\u00e9s.<\/p>\n","protected":false},"excerpt":{"rendered":"<div class=\"mh-excerpt\">\u00abEl martes 14 de abril de 2020 se cumplir\u00e1 el aniversario de la proclamaci\u00f3n de la Segunda Rep\u00fablica en el Estado espa\u00f1ol.&nbsp;Desgraciadamente este a\u00f1o y debido a la grave crisis del Coronavirus que nos afecta, <a class=\"mh-excerpt-more\" href=\"https:\/\/www.tucomarca.com\/wordpress\/segunda\/eu-compromis-de-godelleta-recuerda-el-aniversario-de-la-proclamacion-de-la-segunda-republica-espanola\/\" title=\"EU-Comprom\u00eds de Godelleta recuerda el aniversario de la proclamaci\u00f3n de la Segunda Rep\u00fablica Espa\u00f1ola\">[+] <\/a><\/div>\n","protected":false},"author":1,"featured_media":103505,"comment_status":"open","ping_status":"open","sticky":false,"template":"","format":"standard","meta":{"footnotes":""},"categories":[14,128,8,10,142,3],"tags":[10383],"class_list":{"0":"post-103504","1":"post","2":"type-post","3":"status-publish","4":"format-standard","5":"has-post-thumbnail","7":"category-godelleta","8":"category-infraestructuras","9":"category-la-comarca","10":"category-la-hoya","11":"category-politica-la-comarca","12":"category-seccion","13":"tag-godelleta"},"_links":{"self":[{"href":"https:\/\/www.tucomarca.com\/wordpress\/segunda\/wp-json\/wp\/v2\/posts\/103504","targetHints":{"allow":["GET"]}}],"collection":[{"href":"https:\/\/www.tucomarca.com\/wordpress\/segunda\/wp-json\/wp\/v2\/posts"}],"about":[{"href":"https:\/\/www.tucomarca.com\/wordpress\/segunda\/wp-json\/wp\/v2\/types\/post"}],"author":[{"embeddable":true,"href":"https:\/\/www.tucomarca.com\/wordpress\/segunda\/wp-json\/wp\/v2\/users\/1"}],"replies":[{"embeddable":true,"href":"https:\/\/www.tucomarca.com\/wordpress\/segunda\/wp-json\/wp\/v2\/comments?post=103504"}],"version-history":[{"count":0,"href":"https:\/\/www.tucomarca.com\/wordpress\/segunda\/wp-json\/wp\/v2\/posts\/103504\/revisions"}],"wp:featuredmedia":[{"embeddable":true,"href":"https:\/\/www.tucomarca.com\/wordpress\/segunda\/wp-json\/wp\/v2\/media\/103505"}],"wp:attachment":[{"href":"https:\/\/www.tucomarca.com\/wordpress\/segunda\/wp-json\/wp\/v2\/media?parent=103504"}],"wp:term":[{"taxonomy":"category","embeddable":true,"href":"https:\/\/www.tucomarca.com\/wordpress\/segunda\/wp-json\/wp\/v2\/categories?post=103504"},{"taxonomy":"post_tag","embeddable":true,"href":"https:\/\/www.tucomarca.com\/wordpress\/segunda\/wp-json\/wp\/v2\/tags?post=103504"}],"curies":[{"name":"wp","href":"https:\/\/api.w.org\/{rel}","templated":true}]}}