{"id":103607,"date":"2020-04-16T12:19:38","date_gmt":"2020-04-16T10:19:38","guid":{"rendered":"http:\/\/www.tucomarca.com\/wordpress\/segunda\/?p=103607"},"modified":"2020-04-16T12:19:41","modified_gmt":"2020-04-16T10:19:41","slug":"entrevista-miguel-tortola-aunque-en-yatova-no-hay-casos-si-la-gente-baja-la-guardia-la-situacion-puede-ir-a-mal-en-apenas-24-horas","status":"publish","type":"post","link":"https:\/\/www.tucomarca.com\/wordpress\/segunda\/entrevista-miguel-tortola-aunque-en-yatova-no-hay-casos-si-la-gente-baja-la-guardia-la-situacion-puede-ir-a-mal-en-apenas-24-horas\/","title":{"rendered":"Entrevista. Miguel T\u00f3rtola: \u00abAunque en Y\u00e1tova no hay casos, si la gente baja la guardia la situaci\u00f3n puede ir a mal en apenas 24 horas\u00bb"},"content":{"rendered":"\n<p><strong>El alcalde de Y\u00e1tova, Miguel T\u00f3rtola, valora para tucomarca.com la situaci\u00f3n de la poblaci\u00f3n tras un mes de confinamiento. <\/strong><\/p>\n\n\n\n<p><strong>\u2014 PREGUNTA: \u00bfDespu\u00e9s de un mes de confinamiento, c\u00f3mo se encuentra la poblaci\u00f3n de Y\u00e1tova? \u00bfC\u00f3mo est\u00e1 la moral?<\/strong><\/p>\n\n\n\n<p>\u2014 RESPUESTA: La moral es muy buena, la poblaci\u00f3n est\u00e1 respondiendo muy bien, aunque siempre tenemos algunos casos de algunas personas que les cuesta m\u00e1s entender esta situaci\u00f3n. Pero en general, todo el mundo est\u00e1 respondiendo muy bien y cumpliendo con todas las normas que se est\u00e1n estableciendo. Nosotros desde el Ayuntamiento tambi\u00e9n estamos poniendo todo lo que podemos de nuestra parte para mejorar esta situaci\u00f3n; y aplicando medidas sobre todo en materia de desinfecci\u00f3n.    <\/p>\n\n\n\n<p><strong>\u2014 Aunque ya nos avanz\u00f3 que oficialmente no se hab\u00eda registrado ning\u00fan caso, \u00bfen qu\u00e9 grado podemos decir que ha afectado la pandemia a la poblaci\u00f3n de Y\u00e1tova.<\/strong><\/p>\n\n\n\n<p> \u2014 En Y\u00e1tova estamos en contacto permanente con el centro de salud y, de momento, estamos bien. No hay ning\u00fan problema y las cifras, de momento, est\u00e1n tranquilas, aunque se pudieran agravar en un futuro por visitas al centro de salud.  <\/p>\n\n\n\n<p><strong>\u2014 \u00bfSiguen sin registrar ning\u00fan caso oficialmente?<\/strong><\/p>\n\n\n\n<p>\u2014 S\u00ed, aqu\u00ed oficialmente, hasta el momento, no hemos tenido ning\u00fan caso.<\/p>\n\n\n\n<p><strong>\u2014 \u00bfA qu\u00e9 circunstancias atribuye que no se haya producido ning\u00fan caso en Y\u00e1tova?<\/strong><\/p>\n\n\n\n<p>\u2014 Pues la verdad es que no lo sabemos; ojal\u00e1 se pueda atribuir a que la gente est\u00e1 cumpliendo con la normativa que se ha establecido a diario. Nosotros lo que deseamos es que esta situaci\u00f3n se mantenga y que la gente salga lo menos posible a la calle si no es necesario, que es lo que m\u00e1s nos preocupa, porque tambi\u00e9n a veces se produce una demasiada afluencia de gente a los comercios para comprar alimentos. Y se est\u00e1 informando por todos los medios que se debe comprar si es posible una vez a la semana y tener en cuenta que no va haber desabastecimiento. Aunque tambi\u00e9n sabemos que algunas personas buscan la escusa de ir a comprar para salir de casa. Y estos actos deben saber que repercuten en el conjunto de la sociedad y en municipios tan peque\u00f1os como Y\u00e1tova en veinticuatro horas puede cambiar a una situaci\u00f3n para mal. Porque se puede ver todo como muy lejano, pero el virus est\u00e1 aqu\u00ed y el problema persiste. Hay que te tener mucho cuidado y no bajar la guardia.   <\/p>\n\n\n\n<p><strong>\u2014 Por eso le iba a preguntar, aunque la situaci\u00f3n en Y\u00e1tova no sea mala, \u00bfes importante no bajar la guardia para evitar la propagaci\u00f3n, verdad?<\/strong><\/p>\n\n\n\n<p>\u2014 S\u00ed, s\u00ed, as\u00ed es. Es que parece que lo vemos todo muy lejano, y que a Y\u00e1tova no va a llegar nunca, pero no es as\u00ed, no hay que bajar la guardia y m\u00e1s ahora que ya ha empezado gente a trabajar y se est\u00e1 incrementando la movilidad por lo que no hay que relajarse y extremar m\u00e1s todav\u00eda las medidas y hacer caso a las reglas: guardar la distancia de seguridad, lavarse mucho las manos y usar las mascarillas protectoras. <\/p>\n\n\n\n<p><strong>\u2014 Aunque hemos ido contando cada vez que se han puesto en marcha todas las medidas impulsadas a nivel local por el Ayuntamiento, \u00bfpodemos resumirlas?<\/strong><\/p>\n\n\n\n<p> \u2014 S\u00ed, desde el minuto uno, nosotros estamos desinfectando dos d\u00edas por semana pulverizando el municipio y complementado las tareas donde no llega el tractor con personal a pie y de forma manual; extremando las precauciones en zonas donde hay comercios abiertos como establecimientos alimentarios o bancos. En estas zonas la desinfecci\u00f3n se hace m\u00e1s veces a la semana con pulverizadora, porque son los focos donde m\u00e1s tr\u00e1nsito hay y donde hay que extremar la desinfecci\u00f3n. Ya te digo no bajamos la guardia desde el Ayuntamiento y estamos intentando que vaya todo bien y sobre todo que la gente colabore.<\/p>\n\n\n\n<p><strong>\u2014 \u00bfM\u00e1s medidas a nivel de gesti\u00f3n municipal?<\/strong><\/p>\n\n\n\n<p>\u2014 S\u00ed bueno, nosotros aqu\u00ed en el Ayuntamiento no hemos parado. S\u00ed que hemos reducido la plantilla f\u00edsica en el Ayuntamiento, pero tambi\u00e9n hemos puesto en marcha el teletrabajo y el personal ha seguido teletrabajando desde casa. Y esto lo hicimos desde el primero o segundo d\u00eda. En el Ayuntamiento estamos siempre dos o tres personas trabajando y atendiendo a la poblaci\u00f3n, porque parece que no pero la vida contin\u00faa y no se para: siempre hay cosas que hacer y muchos problemas que solucionar y ahora m\u00e1s con esta situaci\u00f3n. Y\u2008no s\u00f3lo estamos dando un buen servicio a Y\u00e1tova si no tambi\u00e9n con el tema de los ERTE\u2019s y despidos o la firma digital tambi\u00e9n estamos prestando un servicio a algunos municipios de la comarca.<\/p>\n\n\n\n<p><strong>\u2014 Y para finalizar, \u00bfqu\u00e9 mensaje le gustar\u00eda trasladar a la ciudadan\u00eda despu\u00e9s de un mes de confinamiento y pensando en las semanas que todav\u00eda nos quedan por delante? <\/strong><\/p>\n\n\n\n<p>\u2014 Bueno, la situaci\u00f3n sabemos que es complicada, pero qued\u00e1ndose en casa sabemos que, aunque no es lo que m\u00e1s nos guste a todos, es lo que hay que hacer. Esto tenemos que tom\u00e1rnoslo en serio. Es una pandemia y es una situaci\u00f3n excepcional, muy complicada y que tenemos que hacer caso a todo lo que nos han dicho: estar en casa, aunque sea dif\u00edcil y complicado para ciertas personas, como por ejemplo los ni\u00f1os y personas mayores que tengan problemas de salud, pero no hay otra. O colaboramos todos y todos ponemos de nuestra parte o esto no tiene soluci\u00f3n. En Y\u00e1tova, de verdad, estamos contentos porque menos algunas contadas personas que se saltan el confinamiento, la actuaci\u00f3n de la poblaci\u00f3n es ejemplar. Hay que ponerle mucho sentido com\u00fan a esta situaci\u00f3n por lo que desde el Ayuntamiento quiero felicitar a los vecinos por el gran esfuerzo que est\u00e1n haciendo y pensar que esto va para largo, pero con la ayuda de todos saldremos adelante.              <\/p>\n","protected":false},"excerpt":{"rendered":"<div class=\"mh-excerpt\">El alcalde de Y\u00e1tova, Miguel T\u00f3rtola, valora para tucomarca.com la situaci\u00f3n de la poblaci\u00f3n tras un mes de confinamiento. \u2014 PREGUNTA: \u00bfDespu\u00e9s de un mes de confinamiento, c\u00f3mo se encuentra la poblaci\u00f3n de Y\u00e1tova? \u00bfC\u00f3mo <a class=\"mh-excerpt-more\" href=\"https:\/\/www.tucomarca.com\/wordpress\/segunda\/entrevista-miguel-tortola-aunque-en-yatova-no-hay-casos-si-la-gente-baja-la-guardia-la-situacion-puede-ir-a-mal-en-apenas-24-horas\/\" title=\"Entrevista. Miguel T\u00f3rtola: \u00abAunque en Y\u00e1tova no hay casos, si la gente baja la guardia la situaci\u00f3n puede ir a mal en apenas 24 horas\u00bb\">[+] <\/a><\/div>\n","protected":false},"author":1,"featured_media":45074,"comment_status":"open","ping_status":"open","sticky":false,"template":"","format":"standard","meta":{"footnotes":""},"categories":[119,128,8,10,117,142,3,116,11],"tags":[11937,11938,11951,5952,10380],"class_list":{"0":"post-103607","1":"post","2":"type-post","3":"status-publish","4":"format-standard","5":"has-post-thumbnail","7":"category-sanidad-la-comarca","8":"category-infraestructuras","9":"category-la-comarca","10":"category-la-hoya","11":"category-medio-ambiente-la-comarca","12":"category-politica-la-comarca","13":"category-seccion","14":"category-sucesos-la-comarca","15":"category-yatova","16":"tag-coronavirus","17":"tag-covid-19","18":"tag-covid2019","19":"tag-la-hoya-de-bunol-chiva","20":"tag-yatova"},"_links":{"self":[{"href":"https:\/\/www.tucomarca.com\/wordpress\/segunda\/wp-json\/wp\/v2\/posts\/103607","targetHints":{"allow":["GET"]}}],"collection":[{"href":"https:\/\/www.tucomarca.com\/wordpress\/segunda\/wp-json\/wp\/v2\/posts"}],"about":[{"href":"https:\/\/www.tucomarca.com\/wordpress\/segunda\/wp-json\/wp\/v2\/types\/post"}],"author":[{"embeddable":true,"href":"https:\/\/www.tucomarca.com\/wordpress\/segunda\/wp-json\/wp\/v2\/users\/1"}],"replies":[{"embeddable":true,"href":"https:\/\/www.tucomarca.com\/wordpress\/segunda\/wp-json\/wp\/v2\/comments?post=103607"}],"version-history":[{"count":0,"href":"https:\/\/www.tucomarca.com\/wordpress\/segunda\/wp-json\/wp\/v2\/posts\/103607\/revisions"}],"wp:featuredmedia":[{"embeddable":true,"href":"https:\/\/www.tucomarca.com\/wordpress\/segunda\/wp-json\/wp\/v2\/media\/45074"}],"wp:attachment":[{"href":"https:\/\/www.tucomarca.com\/wordpress\/segunda\/wp-json\/wp\/v2\/media?parent=103607"}],"wp:term":[{"taxonomy":"category","embeddable":true,"href":"https:\/\/www.tucomarca.com\/wordpress\/segunda\/wp-json\/wp\/v2\/categories?post=103607"},{"taxonomy":"post_tag","embeddable":true,"href":"https:\/\/www.tucomarca.com\/wordpress\/segunda\/wp-json\/wp\/v2\/tags?post=103607"}],"curies":[{"name":"wp","href":"https:\/\/api.w.org\/{rel}","templated":true}]}}