{"id":103666,"date":"2020-04-16T14:35:45","date_gmt":"2020-04-16T12:35:45","guid":{"rendered":"http:\/\/www.tucomarca.com\/wordpress\/segunda\/?p=103666"},"modified":"2020-04-16T14:35:53","modified_gmt":"2020-04-16T12:35:53","slug":"la-comunitat-registra-este-jueves-27-fallecidos-con-coronavirus-342-altas-y-191-nuevos-contagios","status":"publish","type":"post","link":"https:\/\/www.tucomarca.com\/wordpress\/segunda\/la-comunitat-registra-este-jueves-27-fallecidos-con-coronavirus-342-altas-y-191-nuevos-contagios\/","title":{"rendered":"La Comunitat registra este jueves 27 fallecidos con coronavirus, 342 altas y 191 nuevos contagios"},"content":{"rendered":"\n<p>La consellera de Sanidad Universal y Salud P\u00fablica, Ana Barcel\u00f3, ha comparecido este jueves para dar las cifras actualizadas en una jornada en la que se han registrado 191 nuevos positivos detectados de coronavirus, 27 fallecimientos&nbsp;por coronavirus (siete de ellos de personas de residencias) y&nbsp;342 altas, lo que eleva a un total de&nbsp;9.615 las personas contagiadas, a 972 las muertas y 3.702 curadas&nbsp;desde el inicio de la pandemia.<\/p>\n\n\n\n<p>Ana Barcel\u00f3 ha destacado que se ha dado un total de 3.702 altas (342 desde la actualizaci\u00f3n de este mi\u00e9rcoles): 373 en la provincia de Castell\u00f3n, 1.402 en la de Alicante y 1.927 en la provincia de Valencia.&nbsp;<\/p>\n\n\n\n<p>Adem\u00e1s, se han detectado 191 nuevos casos positivos, que elevan a 9.615 el total de casos positivos, de los cuales 1.247 se encuentran ingresados en el hospital y 274 de ellos en la UCI.&nbsp;<\/p>\n\n\n\n<p>De los 191 nuevos casos positivos, 26 se encuentran en la provincia de Castell\u00f3n, 23 en la de Alicante y 142 en la de Valencia.&nbsp;<\/p>\n\n\n\n<p>Por provincias, el n\u00famero total de casos positivos es de 1.218 en la provincia de Castell\u00f3n (183 hospitalizados, 34 de ellos en la UCI), 3.401 en la provincia de Alicante (347 hospitalizados y 105 de ellos en la UCI), y 4.991 en la provincia de Valencia (717 hospitalizados y 135 de ellos en la UCI). Adem\u00e1s, hay 5 casos que no se han asignado todav\u00eda.&nbsp;<\/p>\n\n\n\n<p>El n\u00famero de profesionales de la Sanidad que han dado positivo en total es de 1.544 (200 en la provincia de Castell\u00f3n, 604 en la de Alicante y 740 en la provincia de Valencia). De todos ellos, han recibido ya el alta 543 personas.<\/p>\n\n\n\n<p>Hasta la actualidad se ha producido un total de 972 fallecimientos en la Comunitat Valenciana: 128 en la provincia de Castell\u00f3n, 369 en la Alicante y 475 en la de Valencia.&nbsp;<\/p>\n\n\n\n<p>Las pruebas que han dado un resultado negativo hasta el momento son 33.805.&nbsp;<\/p>\n\n\n\n<p>Hasta el momento, 2.405 profesionales de la Sanidad se han inscrito en la bolsa de trabajo habilitada por la Conselleria de Sanidad para que personal m\u00e9dico y de Enfermer\u00eda jubilado con edades hasta los 70 a\u00f1os y personal facultativo que todav\u00eda no tiene especialidad puedan ayudar a combatir el coronavirus.<\/p>\n\n\n\n<p>\u00b7 Personal m\u00e9dico jubilado con menos de 70 a\u00f1os: 105<\/p>\n\n\n\n<p>\u00b7 Personas graduadas en Medicina sin especialidad: 1.059<\/p>\n\n\n\n<p>\u00b7 Personas graduadas en Enfermer\u00eda: 1.187<\/p>\n\n\n\n<p>\u00b7 Personal de Enfermer\u00eda jubilado con menos de 70 a\u00f1os: 54<\/p>\n\n\n\n<p>Por otro lado, se han recibido 3.246 llamadas en el n\u00famero 900 36 22 36, habilitado para que personas de grupos de riesgo o con s\u00edntomas de coronavirus puedan solicitar medicamentos a domicilio. En total, se han tramitado 1.908 solicitudes (197 en la provincia de Castell\u00f3n, 1.203 en la de Valencia y 535 en la provincia de Alicante).&nbsp;<\/p>\n\n\n\n<p><strong>Actualizaci\u00f3n de la situaci\u00f3n en residencias<\/strong><\/p>\n\n\n\n<p>La consellera ha actualizado tambi\u00e9n la situaci\u00f3n de las residencias de la Comunitat Valenciana. En estos momentos, hay casos positivos en 95 centros (16 en la provincia de Castell\u00f3n, 20 en la de Alicante y 59 en la provincia de Valencia).&nbsp;<\/p>\n\n\n\n<p>\u00b7 Residentes que han dado positivo: 1.347<\/p>\n\n\n\n<p>\u00b7 Personal trabajador que ha dado positivo: 336&nbsp;<\/p>\n\n\n\n<p>\u00b7 Residentes que han fallecido: 323<\/p>\n\n\n\n<p>En estos momentos, se encuentran bajo vigilancia activa de control sanitario 24 residencias en la Comunitat Valenciana:&nbsp;<\/p>\n\n\n\n<p>\u00b7 5 en la provincia de Castell\u00f3n: 1 en el departamento de Vinar\u00f3s, 1 en el departamento del Hospital General de Castell\u00f3 y 2 en el departamento de La Plana. La quinta residencia pertenece al departamento de Sagunto, aunque est\u00e1 situada en un municipio de la provincia de Castell\u00f3n.<\/p>\n\n\n\n<p>\u00b7 6 en la provincia de Alicante: 2 en el departamento de Alcoi, 1 en el departamento de La Marina Baixa, 1 en el departamento de Sant Joan, 1 en el departamento de Elda y 1 en el departamento del Alicante- Hospital General.&nbsp;<\/p>\n\n\n\n<p>\u00b7 13 en la provincia de Valencia: 1 en el departamento de Sagunto, 2 en el departamento Cl\u00ednico-Malvarrosa, 4 en el departamento de La Fe, 5 en el departamento de Requena y 1 en el departamento del Hospital General de Val\u00e8ncia.<\/p>\n\n\n\n<p>Toda la informaci\u00f3n actualizada en:&nbsp;<a href=\"http:\/\/coronavirus.san.gva.es\/ca\/inicio\" target=\"_blank\" rel=\"noreferrer noopener\">consultar aqu\u00ed<\/a><\/p>\n","protected":false},"excerpt":{"rendered":"<div class=\"mh-excerpt\">La consellera de Sanidad Universal y Salud P\u00fablica, Ana Barcel\u00f3, ha comparecido este jueves para dar las cifras actualizadas en una jornada en la que se han registrado 191 nuevos positivos detectados de coronavirus, 27 <a class=\"mh-excerpt-more\" href=\"https:\/\/www.tucomarca.com\/wordpress\/segunda\/la-comunitat-registra-este-jueves-27-fallecidos-con-coronavirus-342-altas-y-191-nuevos-contagios\/\" title=\"La Comunitat registra este jueves 27 fallecidos con coronavirus, 342 altas y 191 nuevos contagios\">[+] <\/a><\/div>\n","protected":false},"author":1,"featured_media":103667,"comment_status":"open","ping_status":"open","sticky":false,"template":"","format":"standard","meta":{"footnotes":""},"categories":[119,128,8,72,117,142,3,116,45],"tags":[11937,11938,11951],"class_list":{"0":"post-103666","1":"post","2":"type-post","3":"status-publish","4":"format-standard","5":"has-post-thumbnail","7":"category-sanidad-la-comarca","8":"category-infraestructuras","9":"category-la-comarca","10":"category-sin-categorizar","11":"category-medio-ambiente-la-comarca","12":"category-politica-la-comarca","13":"category-seccion","14":"category-sucesos-la-comarca","15":"category-ventana","16":"tag-coronavirus","17":"tag-covid-19","18":"tag-covid2019"},"_links":{"self":[{"href":"https:\/\/www.tucomarca.com\/wordpress\/segunda\/wp-json\/wp\/v2\/posts\/103666","targetHints":{"allow":["GET"]}}],"collection":[{"href":"https:\/\/www.tucomarca.com\/wordpress\/segunda\/wp-json\/wp\/v2\/posts"}],"about":[{"href":"https:\/\/www.tucomarca.com\/wordpress\/segunda\/wp-json\/wp\/v2\/types\/post"}],"author":[{"embeddable":true,"href":"https:\/\/www.tucomarca.com\/wordpress\/segunda\/wp-json\/wp\/v2\/users\/1"}],"replies":[{"embeddable":true,"href":"https:\/\/www.tucomarca.com\/wordpress\/segunda\/wp-json\/wp\/v2\/comments?post=103666"}],"version-history":[{"count":0,"href":"https:\/\/www.tucomarca.com\/wordpress\/segunda\/wp-json\/wp\/v2\/posts\/103666\/revisions"}],"wp:featuredmedia":[{"embeddable":true,"href":"https:\/\/www.tucomarca.com\/wordpress\/segunda\/wp-json\/wp\/v2\/media\/103667"}],"wp:attachment":[{"href":"https:\/\/www.tucomarca.com\/wordpress\/segunda\/wp-json\/wp\/v2\/media?parent=103666"}],"wp:term":[{"taxonomy":"category","embeddable":true,"href":"https:\/\/www.tucomarca.com\/wordpress\/segunda\/wp-json\/wp\/v2\/categories?post=103666"},{"taxonomy":"post_tag","embeddable":true,"href":"https:\/\/www.tucomarca.com\/wordpress\/segunda\/wp-json\/wp\/v2\/tags?post=103666"}],"curies":[{"name":"wp","href":"https:\/\/api.w.org\/{rel}","templated":true}]}}