{"id":104027,"date":"2020-04-20T14:00:41","date_gmt":"2020-04-20T12:00:41","guid":{"rendered":"http:\/\/www.tucomarca.com\/wordpress\/segunda\/?p=104027"},"modified":"2020-04-20T15:23:31","modified_gmt":"2020-04-20T13:23:31","slug":"el-departamento-de-salud-de-requena-aumenta-este-lunes-en-6-casos-y-2-fallecidos-mas-y-se-situa-en-los-396-positivos-y-los-54-muertos-por-coronavirus","status":"publish","type":"post","link":"https:\/\/www.tucomarca.com\/wordpress\/segunda\/el-departamento-de-salud-de-requena-aumenta-este-lunes-en-6-casos-y-2-fallecidos-mas-y-se-situa-en-los-396-positivos-y-los-54-muertos-por-coronavirus\/","title":{"rendered":"El Departamento de Salud de Requena aumenta este lunes en 6 casos y 2 fallecidos m\u00e1s y se sit\u00faa en los 396 positivos y los 54 muertos por coronavirus"},"content":{"rendered":"\n<p>El Departamento de Salud de Requena ha registrado este lunes un aumento en 6 casos de contagios por coronavirus seg\u00fan los datos facilitados por la Generalitat Valenciana (correspondientes a los facilitados por los centros sanitarios un d\u00eda antes); as\u00ed como dos personas fallecidas m\u00e1s.\u00a0<\/p>\n\n\n\n<p>A fecha de este lunes, 20 de abril, son de un total de 396 los casos positivos, y un total de 54 las personas fallecidas, lo que ofrece una tasa de positivos del 769,10 y una tasa de mortalidad del 104,90, dos de los porcentajes m\u00e1s altos de toda la Comunidad Valenciana. Estos datos, seg\u00fan la comparativa con otros departamentos sit\u00faan, al de Requena en el grupo de los que m\u00e1s afecci\u00f3n de la pandemia ha tenido en la Comunitat.&nbsp;<\/p>\n\n\n\n<p>El Departamento de Requena cubre la demanda sanitaria de 51.489 personas procedentes de los 18 municipios adscritos de las comarcas de Requena-Utiel y del Valle de Ayora-Cofrentes, adem\u00e1s de otros municipios colindantes de La Hoya de Bu\u00f1ol-Chiva como es Siete Aguas o de Los Serranos, como son Benag\u00e9ber y Chera.<\/p>\n","protected":false},"excerpt":{"rendered":"<div class=\"mh-excerpt\">El Departamento de Salud de Requena ha registrado este lunes un aumento en 6 casos de contagios por coronavirus seg\u00fan los datos facilitados por la Generalitat Valenciana (correspondientes a los facilitados por los centros sanitarios <a class=\"mh-excerpt-more\" href=\"https:\/\/www.tucomarca.com\/wordpress\/segunda\/el-departamento-de-salud-de-requena-aumenta-este-lunes-en-6-casos-y-2-fallecidos-mas-y-se-situa-en-los-396-positivos-y-los-54-muertos-por-coronavirus\/\" title=\"El Departamento de Salud de Requena aumenta este lunes en 6 casos y 2 fallecidos m\u00e1s y se sit\u00faa en los 396 positivos y los 54 muertos por coronavirus\">[+] <\/a><\/div>\n","protected":false},"author":1,"featured_media":104028,"comment_status":"open","ping_status":"open","sticky":false,"template":"","format":"standard","meta":{"footnotes":""},"categories":[39,38,141,112,236,119,37,186,138,41,40,139,128,230,231,8,111,59,117,142,28,27,140,3,12,235,116,232,29,234,45,120,233],"tags":[11937,11938,11951,10387],"class_list":{"0":"post-104027","1":"post","2":"type-post","3":"status-publish","4":"format-standard","5":"has-post-thumbnail","7":"category-ayora","8":"category-ayora-cofrentes","9":"category-benageber","10":"category-campo-arcis","11":"category-camporrobles","12":"category-sanidad-la-comarca","13":"category-caudete","14":"category-chera-los-serranos","15":"category-chera","16":"category-cofrentes","17":"category-cortes-de-pallas","18":"category-fuenterrobles","19":"category-infraestructuras","20":"category-jalance","21":"category-jarafuel","22":"category-la-comarca","23":"category-las-cuevas","24":"category-los-serranos","25":"category-medio-ambiente-la-comarca","26":"category-politica-la-comarca","27":"category-requena","28":"category-requena-utiel","29":"category-san-antonio","30":"category-seccion","31":"category-siete-aguas","32":"category-sinarcas","33":"category-sucesos-la-comarca","34":"category-teresa-de-cofrentes","35":"category-utiel","36":"category-venta-del-moro","37":"category-ventana","38":"category-villargordo-del-cabriel","39":"category-zarra","40":"tag-coronavirus","41":"tag-covid-19","42":"tag-covid2019","43":"tag-requena-utiel"},"_links":{"self":[{"href":"https:\/\/www.tucomarca.com\/wordpress\/segunda\/wp-json\/wp\/v2\/posts\/104027","targetHints":{"allow":["GET"]}}],"collection":[{"href":"https:\/\/www.tucomarca.com\/wordpress\/segunda\/wp-json\/wp\/v2\/posts"}],"about":[{"href":"https:\/\/www.tucomarca.com\/wordpress\/segunda\/wp-json\/wp\/v2\/types\/post"}],"author":[{"embeddable":true,"href":"https:\/\/www.tucomarca.com\/wordpress\/segunda\/wp-json\/wp\/v2\/users\/1"}],"replies":[{"embeddable":true,"href":"https:\/\/www.tucomarca.com\/wordpress\/segunda\/wp-json\/wp\/v2\/comments?post=104027"}],"version-history":[{"count":0,"href":"https:\/\/www.tucomarca.com\/wordpress\/segunda\/wp-json\/wp\/v2\/posts\/104027\/revisions"}],"wp:featuredmedia":[{"embeddable":true,"href":"https:\/\/www.tucomarca.com\/wordpress\/segunda\/wp-json\/wp\/v2\/media\/104028"}],"wp:attachment":[{"href":"https:\/\/www.tucomarca.com\/wordpress\/segunda\/wp-json\/wp\/v2\/media?parent=104027"}],"wp:term":[{"taxonomy":"category","embeddable":true,"href":"https:\/\/www.tucomarca.com\/wordpress\/segunda\/wp-json\/wp\/v2\/categories?post=104027"},{"taxonomy":"post_tag","embeddable":true,"href":"https:\/\/www.tucomarca.com\/wordpress\/segunda\/wp-json\/wp\/v2\/tags?post=104027"}],"curies":[{"name":"wp","href":"https:\/\/api.w.org\/{rel}","templated":true}]}}