{"id":1042,"date":"2012-05-03T00:52:31","date_gmt":"2012-05-03T00:52:31","guid":{"rendered":"http:\/\/www.tucomarca.com\/wordpress\/segunda\/?p=1042"},"modified":"2012-05-09T08:09:54","modified_gmt":"2012-05-09T08:09:54","slug":"para-no-olvidar-texto-de-federico","status":"publish","type":"post","link":"https:\/\/www.tucomarca.com\/wordpress\/segunda\/para-no-olvidar-texto-de-federico\/","title":{"rendered":"Para no olvidar: Gregorio Sabater Diana"},"content":{"rendered":"<p><a href=\"https:\/\/www.tucomarca.com\/wordpress\/segunda\/wp-content\/uploads\/2012\/05\/Federico-Verdet-bn.jpg\"><img loading=\"lazy\" decoding=\"async\" class=\"alignleft size-full wp-image-1045\" title=\"Federico Verdet bn\" src=\"https:\/\/www.tucomarca.com\/wordpress\/segunda\/wp-content\/uploads\/2012\/05\/Federico-Verdet-bn.jpg\" alt=\"\" width=\"142\" height=\"197\" \/><\/a>Gregorio Sabater, licenciado en letras y director del colegio privado Cervantes de Valencia, cada verano, volv\u00eda a su pueblo natal, Cheste, para disfrutar de las vacaciones estivales. El largo veraneo, sin embargo, no supon\u00eda tiempo perdido, por el contrario, el insigne profesor lo aprovechaba sistem\u00e1ticamente. Largas excursiones y caminatas por los campos y montes del contorno generaban una abundante documentaci\u00f3n de todo tipo, que Gregorio Sabater publicaba en diversos peri\u00f3dicos valencianos. Sin duda, su mayor hallazgo fue el descubrimiento de una antigua l\u00e1pida romana, cuya descripci\u00f3n se public\u00f3 en la prensa de la \u00e9poca.<br \/>\nGregorio Sabater, en sus incansables excursiones cient\u00edficas, se hac\u00eda acompa\u00f1ar de su hijo adolescente, Gregorio Sabater Diana que, muy pronto, se aficion\u00f3 a observar y desentra\u00f1ar los secretos del paisaje y la naturaleza. Sin embargo, a Gregorio Sabater Diana, mucho m\u00e1s que la Geograf\u00eda, la Historia o la Arqueolog\u00eda, le interesaba otra ciencia: la Historia Natural.<br \/>\nLa fortuna del cient\u00edfico, que tuvo la suerte de ser hijo de un cult\u00edsimo maestro, culmin\u00f3 cuando, siendo alumno del Instituto de Valencia, recibi\u00f3 clases de un profesor excepcional, Emilio Ribera; comparti\u00f3 pupitre con un condisc\u00edpulo igualmente excepcional, Maximino San Miguel de la C\u00e1mara (que llegar\u00eda a ser catedr\u00e1tico de Geograf\u00eda F\u00edsica de la Universidad de Barcelona y catedr\u00e1tico de Petrograf\u00eda y Estratigraf\u00eda, en la Facultad de Ciencias de Madrid). La inequ\u00edvoca vocaci\u00f3n cient\u00edfica de Gregorio Sabater Diana cont\u00f3 con el aliento de ambos.<br \/>\nEn 1906, todav\u00eda adolescente estudiante de bachillerato, solicit\u00f3 su ingreso en la Real Sociedad Espa\u00f1ola de Historia Natural, presentado por su profesor, el catedr\u00e1tico, Emilio Ribera. Se nos excusar\u00e1 una prolija explicaci\u00f3n sobre los m\u00e9todos pedag\u00f3gicos empleados por Emilio Ribera, puesto que ya dedicamos alg\u00fan art\u00edculo a esta cuesti\u00f3n; recordemos, tan solo, c\u00f3mo Emilio Ribera sol\u00eda realizar provechosas excursiones para observar, in situ, las formas y fen\u00f3menos de la naturaleza. La riqueza geol\u00f3gica de nuestra comarca y la facilidad de transporte que supon\u00eda el tren, propiciaron, como recordar\u00e1 el lector, que muchas de estas excursiones tuvieran como destino Bu\u00f1ol y Alborache.<br \/>\nEn el verano de 1907, informaba la prensa de la publicaci\u00f3n de un estudio titulado Excursi\u00f3n al volc\u00e1n de Cofrentes (Valencia), donde se daba cuenta de las caracter\u00edsticas de esta regi\u00f3n volc\u00e1nica. El estudio fue posible por la concesi\u00f3n de una subvenci\u00f3n de 350 pesetas \u00ab\u00e1 Lucas Fern\u00e1ndez Navarro, catedr\u00e1tico de Cristalograf\u00eda de la Central, y a D. Gregorio Sabater Diana, alumno de la Facultad de Ciencias, hijo del director del colegio de Cervantes, para hacer una excursi\u00f3n \u00e1 Cofrentes \u00e1 estudiar una regi\u00f3n volc\u00e1nica que se encuentra en aquel t\u00e9rmino\u00bb (efectuada en el verano de 1906 ).<br \/>\nMaximino San Miguel de la C\u00e1mara, en su trabajo publicado en 1936 y titulado Las erupciones de Cofrentes (Valencia) y el volc\u00e1n de Cerro Negro o Cerro de Agras, hace el siguiente comentario: \u00abLa primera noticia publicada sobre la existencia de la erupci\u00f3n volc\u00e1nica de Cofrentes apareci\u00f3 en el peri\u00f3dico El Mercantil, de Valencia, en un art\u00edculo escrito por el m\u00e9dico D. Rafael Cervera Barat, a quien parece que corresponde el honor de haber descubierto estos materiales volc\u00e1nicos, de los que recogi\u00f3 muestras en 1903 y los present\u00f3 al entonces catedr\u00e1tico de la Universidad de Valencia D. Eduardo Bosc\u00e1, quien inmediatamente reconoci\u00f3 su naturaleza volc\u00e1nica.<br \/>\nDesde esta \u00e9poca hasta el 6 de febrero de 1907, d\u00eda en que mi condisc\u00edpulo D. Gregorio Sabater Diana particip\u00f3 a la Sociedad Espa\u00f1ola de Historia Natural, reunida en sesi\u00f3n cient\u00edfica, que en una de sus recientes excursiones por la provincia de Valencia hab\u00eda encontrado una regi\u00f3n volc\u00e1nica de la que hay pocas noticias y referencias, no se hab\u00eda vuelto a saber nada de esta interesant\u00edsima erupci\u00f3n\u00bb.<br \/>\nMientras Lucas Fern\u00e1ndez Navarro dedic\u00f3, pr\u00e1cticamente, toda su carrera a la investigaci\u00f3n de los fen\u00f3menos volc\u00e1nicos, la investigaci\u00f3n de Gregorio Sabater Diana deriv\u00f3 por otros derroteros. S\u00f3lo un a\u00f1o m\u00e1s tarde, en 1908, se tuvo noticia de sus \u00abinvestigaciones biol\u00f3gicas marinas en la costa de \u00c1frica\u00bb.<br \/>\nEn el verano de 1910, la prensa valenciana pudo dar, con orgullo, esta informaci\u00f3n: \u00abHa sido nombrado auxiliar del Museo pedag\u00f3gico de Historia Natural de Buenos Aires nuestro joven paisano D. Gregorio Sabater Diana, licenciado en Ciencias Naturales. Asisti\u00f3 como miembro del Congreso de Biolog\u00eda y Antropolog\u00eda celebrado en aquella ciudad con los delegados de las naciones, y adem\u00e1s est\u00e1 haciendo estudios de la sesi\u00f3n de Paleontolog\u00eda de la Universidad de la Plata\u00bb.<br \/>\nCon toda seguridad, su estancia en Buenos Aires coincidi\u00f3 con la llegada de otros relevantes cient\u00edficos valencianos, Eduardo Bosc\u00e1 y su hijo, Antino, que se hab\u00edan\u00a0 desplazado a la capital argentina, con la intenci\u00f3n de \u00abhacer estudios paleontol\u00f3gicos en la Am\u00e9rica meridional\u00bb.<\/p>\n<p>(*) Profesor e historiador<\/p>\n","protected":false},"excerpt":{"rendered":"<div class=\"mh-excerpt\">Gregorio Sabater, licenciado en letras y director del colegio privado Cervantes de Valencia, cada verano, volv\u00eda a su pueblo natal, Cheste, para disfrutar de las vacaciones estivales. El largo veraneo, sin embargo, no supon\u00eda tiempo <a class=\"mh-excerpt-more\" href=\"https:\/\/www.tucomarca.com\/wordpress\/segunda\/para-no-olvidar-texto-de-federico\/\" title=\"Para no olvidar: Gregorio Sabater Diana\">[+] <\/a><\/div>\n","protected":false},"author":9,"featured_media":1045,"comment_status":"open","ping_status":"open","sticky":false,"template":"","format":"standard","meta":{"footnotes":""},"categories":[30,56],"tags":[],"class_list":{"0":"post-1042","1":"post","2":"type-post","3":"status-publish","4":"format-standard","5":"has-post-thumbnail","7":"category-opinion","8":"category-opinion-federico-verdet"},"_links":{"self":[{"href":"https:\/\/www.tucomarca.com\/wordpress\/segunda\/wp-json\/wp\/v2\/posts\/1042","targetHints":{"allow":["GET"]}}],"collection":[{"href":"https:\/\/www.tucomarca.com\/wordpress\/segunda\/wp-json\/wp\/v2\/posts"}],"about":[{"href":"https:\/\/www.tucomarca.com\/wordpress\/segunda\/wp-json\/wp\/v2\/types\/post"}],"author":[{"embeddable":true,"href":"https:\/\/www.tucomarca.com\/wordpress\/segunda\/wp-json\/wp\/v2\/users\/9"}],"replies":[{"embeddable":true,"href":"https:\/\/www.tucomarca.com\/wordpress\/segunda\/wp-json\/wp\/v2\/comments?post=1042"}],"version-history":[{"count":0,"href":"https:\/\/www.tucomarca.com\/wordpress\/segunda\/wp-json\/wp\/v2\/posts\/1042\/revisions"}],"wp:featuredmedia":[{"embeddable":true,"href":"https:\/\/www.tucomarca.com\/wordpress\/segunda\/wp-json\/wp\/v2\/media\/1045"}],"wp:attachment":[{"href":"https:\/\/www.tucomarca.com\/wordpress\/segunda\/wp-json\/wp\/v2\/media?parent=1042"}],"wp:term":[{"taxonomy":"category","embeddable":true,"href":"https:\/\/www.tucomarca.com\/wordpress\/segunda\/wp-json\/wp\/v2\/categories?post=1042"},{"taxonomy":"post_tag","embeddable":true,"href":"https:\/\/www.tucomarca.com\/wordpress\/segunda\/wp-json\/wp\/v2\/tags?post=1042"}],"curies":[{"name":"wp","href":"https:\/\/api.w.org\/{rel}","templated":true}]}}