{"id":104227,"date":"2020-04-22T19:56:43","date_gmt":"2020-04-22T17:56:43","guid":{"rendered":"http:\/\/www.tucomarca.com\/wordpress\/segunda\/?p=104227"},"modified":"2020-04-22T19:56:46","modified_gmt":"2020-04-22T17:56:46","slug":"leliana-impulsa-habilita-la-inscripcion-en-el-registro-de-profesionales-y-empresas-locales-para-proyectos-de-obra-publica","status":"publish","type":"post","link":"https:\/\/www.tucomarca.com\/wordpress\/segunda\/leliana-impulsa-habilita-la-inscripcion-en-el-registro-de-profesionales-y-empresas-locales-para-proyectos-de-obra-publica\/","title":{"rendered":"\u2018L\u2019Eliana Impulsa\u2019 habilita la inscripci\u00f3n en el registro de profesionales y empresas locales para proyectos de obra p\u00fablica"},"content":{"rendered":"\n<p><strong>El plan para la reactivaci\u00f3n de la econom\u00eda local pone en marcha la creaci\u00f3n de una bolsa para la redacci\u00f3n de proyectos y ejecuci\u00f3n de obras<\/strong><\/p>\n\n\n\n<p>L\u2019Eliana Impulsa\u2019, el plan para la reactivaci\u00f3n de la econom\u00eda local puesto en marcha por el Ayuntamiento con cuatro grandes l\u00edneas de actuaci\u00f3n para mitigar los efectos de la pandemia provocada por el COVID-19 contin\u00faa avanzando pasos. Desde este mi\u00e9rcoles el registro de profesionales, aut\u00f3nomos y empresas locales para la redacci\u00f3n de proyectos y ejecuci\u00f3n de obras p\u00fablicas est\u00e1 habilitado a trav\u00e9s de la web www.lelianaparticipa.es.<\/p>\n\n\n\n<p>Esta actuaci\u00f3n movilizar\u00e1 la mayor cantidad econ\u00f3mica dentro del plan municipal con un total de 450.000 euros y tiene como objetivo la adjudicaci\u00f3n de los contratos de obra menores al sector local conforme el ayuntamiento vaya desarrollando proyectos p\u00fablicos.<\/p>\n\n\n\n<p>Los profesionales, aut\u00f3nomos y empresas locales de l\u2019Eliana podr\u00e1n solicitar su inclusi\u00f3n en la bolsa p\u00fablica hasta el pr\u00f3ximo 6 de mayo para la categor\u00eda t\u00e9cnica, redacci\u00f3n de proyectos y titulaciones, o bien para el \u00e1rea de obras y equipamientos, ejecuci\u00f3n de obras y suministros y especialidades. Para cualquier duda o solicitud de informaci\u00f3n pueden dirigirse a la ADL a trav\u00e9s del tel\u00e9fono 96 275 80 30, extensiones #180 y #341.<\/p>\n\n\n\n<p>El alcalde, Salva Torrent, ha recordado que \u2018L\u2019Eliana Impulsa\u2019 est\u00e1 dotado con m\u00e1s de 1,2 millones de euros de recursos propios para apoyar a comerciantes, aut\u00f3nomos y empresas locales y ha anunciado que tras el pr\u00f3ximo Pleno Extraordinario del martes 28 de abril \u201c<em>se conocer\u00e1n m\u00e1s detalles del resto de ayudas para sufragar parte del gasto corriente, los bonos de consumo para gastar en el peque\u00f1o comercio <\/em><em>y la <\/em><em>devoluci\u00f3n de la parte proporcional de la tasa por ocupaci\u00f3n de la v\u00eda p\u00fablica para bares y restaurantes<\/em>\u201d.<br><\/p>\n","protected":false},"excerpt":{"rendered":"<div class=\"mh-excerpt\">El plan para la reactivaci\u00f3n de la econom\u00eda local pone en marcha la creaci\u00f3n de una bolsa para la redacci\u00f3n de proyectos y ejecuci\u00f3n de obras L\u2019Eliana Impulsa\u2019, el plan para la reactivaci\u00f3n de la <a class=\"mh-excerpt-more\" href=\"https:\/\/www.tucomarca.com\/wordpress\/segunda\/leliana-impulsa-habilita-la-inscripcion-en-el-registro-de-profesionales-y-empresas-locales-para-proyectos-de-obra-publica\/\" title=\"\u2018L\u2019Eliana Impulsa\u2019 habilita la inscripci\u00f3n en el registro de profesionales y empresas locales para proyectos de obra p\u00fablica\">[+] <\/a><\/div>\n","protected":false},"author":12,"featured_media":104231,"comment_status":"open","ping_status":"open","sticky":false,"template":"","format":"standard","meta":{"footnotes":""},"categories":[169,46,119,128,177,8,117,142,3,116],"tags":[10535,4016,11937,11938],"class_list":{"0":"post-104227","1":"post","2":"type-post","3":"status-publish","4":"format-standard","5":"has-post-thumbnail","7":"category-agricultura-la-comarca","8":"category-camp-de-turia","9":"category-sanidad-la-comarca","10":"category-infraestructuras","11":"category-leliana","12":"category-la-comarca","13":"category-medio-ambiente-la-comarca","14":"category-politica-la-comarca","15":"category-seccion","16":"category-sucesos-la-comarca","17":"tag-ajuntament-de-leliana","18":"tag-comarca-camp-de-turia","19":"tag-coronavirus","20":"tag-covid-19"},"_links":{"self":[{"href":"https:\/\/www.tucomarca.com\/wordpress\/segunda\/wp-json\/wp\/v2\/posts\/104227","targetHints":{"allow":["GET"]}}],"collection":[{"href":"https:\/\/www.tucomarca.com\/wordpress\/segunda\/wp-json\/wp\/v2\/posts"}],"about":[{"href":"https:\/\/www.tucomarca.com\/wordpress\/segunda\/wp-json\/wp\/v2\/types\/post"}],"author":[{"embeddable":true,"href":"https:\/\/www.tucomarca.com\/wordpress\/segunda\/wp-json\/wp\/v2\/users\/12"}],"replies":[{"embeddable":true,"href":"https:\/\/www.tucomarca.com\/wordpress\/segunda\/wp-json\/wp\/v2\/comments?post=104227"}],"version-history":[{"count":0,"href":"https:\/\/www.tucomarca.com\/wordpress\/segunda\/wp-json\/wp\/v2\/posts\/104227\/revisions"}],"wp:featuredmedia":[{"embeddable":true,"href":"https:\/\/www.tucomarca.com\/wordpress\/segunda\/wp-json\/wp\/v2\/media\/104231"}],"wp:attachment":[{"href":"https:\/\/www.tucomarca.com\/wordpress\/segunda\/wp-json\/wp\/v2\/media?parent=104227"}],"wp:term":[{"taxonomy":"category","embeddable":true,"href":"https:\/\/www.tucomarca.com\/wordpress\/segunda\/wp-json\/wp\/v2\/categories?post=104227"},{"taxonomy":"post_tag","embeddable":true,"href":"https:\/\/www.tucomarca.com\/wordpress\/segunda\/wp-json\/wp\/v2\/tags?post=104227"}],"curies":[{"name":"wp","href":"https:\/\/api.w.org\/{rel}","templated":true}]}}