{"id":104632,"date":"2020-05-08T20:00:38","date_gmt":"2020-05-08T18:00:38","guid":{"rendered":"http:\/\/www.tucomarca.com\/wordpress\/segunda\/?p=104632"},"modified":"2020-05-08T23:21:09","modified_gmt":"2020-05-08T21:21:09","slug":"opinion-olga-vallejo-el-hoyo","status":"publish","type":"post","link":"https:\/\/www.tucomarca.com\/wordpress\/segunda\/opinion-olga-vallejo-el-hoyo\/","title":{"rendered":"Opini\u00f3n. Olga Vallejo: \u00abEl hoyo\u00bb"},"content":{"rendered":"\n<div class=\"wp-block-image\"><figure class=\"alignleft is-resized\"><img loading=\"lazy\" decoding=\"async\" src=\"https:\/\/www.tucomarca.com\/wordpress\/segunda\/wp-content\/uploads\/2020\/04\/OPINIONolga_vallejo.jpg\" alt=\"\" class=\"wp-image-103620\" width=\"190\" height=\"196\" srcset=\"https:\/\/www.tucomarca.com\/wordpress\/segunda\/wp-content\/uploads\/2020\/04\/OPINIONolga_vallejo.jpg 394w, https:\/\/www.tucomarca.com\/wordpress\/segunda\/wp-content\/uploads\/2020\/04\/OPINIONolga_vallejo-291x300.jpg 291w\" sizes=\"auto, (max-width: 190px) 100vw, 190px\" \/><\/figure><\/div>\n\n\n\n<p>Estaba lejos\u2026 no se le ve\u00eda, solo se le o\u00eda, tampoco se le sent\u00eda, hasta dud\u00e1bamos de su real existencia.<br>\nNo iba con nosotros, iba con otros. Obvio.<br>\nPoco a poco se fue acercando.<br>\nAlgunos empezamos a verle las orejas. Los vecinos m\u00e1s pr\u00f3ximos nos advert\u00edan, \u00a1aqu\u00ed ya lleg\u00f3!, \u00a1\u00a1\u00a1cuidado, que va!!! nos dec\u00edan. Nos aleccionaban tras su errores cometidos.<br>\nEsto no parece algo m\u00e1s, esto no pinta bien\u2026<br>\nMe llamaban exagerada y algunos se re\u00edan cuando tomaba mis propias medidas de seguridad caseras. Obvio.<br>\nMolestan las sugerencias, las iniciativas por el bien com\u00fan. <br>\nEstando en estado de alarma la unidad deber\u00eda ser m\u00e1s fuerte, m\u00e1s llana, pero no es as\u00ed. Porque los de abajo siempre ser\u00e1n los de abajo y los de arriba nunca contestar\u00e1n porque son los de arriba. Obvio.<br>\nParece que todo coge forma, unidad, medidas, esfuerzo. Se nos pide compromiso. Conf\u00edan en nosotros. Quieren confiar en nosotros porque el bicho ya est\u00e1 aqu\u00ed, entr\u00f3 y puede hacer mucho da\u00f1o. Ahora s\u00ed, ahora ya lo sentimos, ya lo o\u00edmos, ya le vemos enteras las orejas.<br>\nHay que prevenir m\u00e1s, es necesario subir el nivel. Muchas personas voluntarias ofrecen su esfuerzo, su trabajo. Vienen hasta nosotros para ayudarnos pero su trabajo es confiscado. \u00bfPor qu\u00e9? Porque los de abajo siempre ser\u00e1n los de abajo y los de arriba siempre ser\u00e1n los de arriba. Obvio.<br>\nOs env\u00edo el mensaje.<br>\nOjal\u00e1 os haga reflexionar.<\/p>\n\n\n\n<p>Ojal\u00e1 os haga reflexionar.<\/p>\n","protected":false},"excerpt":{"rendered":"<div class=\"mh-excerpt\">Estaba lejos\u2026 no se le ve\u00eda, solo se le o\u00eda, tampoco se le sent\u00eda, hasta dud\u00e1bamos de su real existencia. No iba con nosotros, iba con otros. Obvio. Poco a poco se fue acercando. Algunos <a class=\"mh-excerpt-more\" href=\"https:\/\/www.tucomarca.com\/wordpress\/segunda\/opinion-olga-vallejo-el-hoyo\/\" title=\"Opini\u00f3n. Olga Vallejo: \u00abEl hoyo\u00bb\">[+] <\/a><\/div>\n","protected":false},"author":12,"featured_media":104078,"comment_status":"open","ping_status":"open","sticky":false,"template":"","format":"standard","meta":{"footnotes":""},"categories":[18,10,30,90],"tags":[10385,11937,11938,5952],"class_list":{"0":"post-104632","1":"post","2":"type-post","3":"status-publish","4":"format-standard","5":"has-post-thumbnail","7":"category-bunol","8":"category-la-hoya","9":"category-opinion","10":"category-opinion-opinion","11":"tag-bunol","12":"tag-coronavirus","13":"tag-covid-19","14":"tag-la-hoya-de-bunol-chiva"},"_links":{"self":[{"href":"https:\/\/www.tucomarca.com\/wordpress\/segunda\/wp-json\/wp\/v2\/posts\/104632","targetHints":{"allow":["GET"]}}],"collection":[{"href":"https:\/\/www.tucomarca.com\/wordpress\/segunda\/wp-json\/wp\/v2\/posts"}],"about":[{"href":"https:\/\/www.tucomarca.com\/wordpress\/segunda\/wp-json\/wp\/v2\/types\/post"}],"author":[{"embeddable":true,"href":"https:\/\/www.tucomarca.com\/wordpress\/segunda\/wp-json\/wp\/v2\/users\/12"}],"replies":[{"embeddable":true,"href":"https:\/\/www.tucomarca.com\/wordpress\/segunda\/wp-json\/wp\/v2\/comments?post=104632"}],"version-history":[{"count":0,"href":"https:\/\/www.tucomarca.com\/wordpress\/segunda\/wp-json\/wp\/v2\/posts\/104632\/revisions"}],"wp:featuredmedia":[{"embeddable":true,"href":"https:\/\/www.tucomarca.com\/wordpress\/segunda\/wp-json\/wp\/v2\/media\/104078"}],"wp:attachment":[{"href":"https:\/\/www.tucomarca.com\/wordpress\/segunda\/wp-json\/wp\/v2\/media?parent=104632"}],"wp:term":[{"taxonomy":"category","embeddable":true,"href":"https:\/\/www.tucomarca.com\/wordpress\/segunda\/wp-json\/wp\/v2\/categories?post=104632"},{"taxonomy":"post_tag","embeddable":true,"href":"https:\/\/www.tucomarca.com\/wordpress\/segunda\/wp-json\/wp\/v2\/tags?post=104632"}],"curies":[{"name":"wp","href":"https:\/\/api.w.org\/{rel}","templated":true}]}}