{"id":104839,"date":"2020-04-28T21:25:39","date_gmt":"2020-04-28T19:25:39","guid":{"rendered":"http:\/\/www.tucomarca.com\/wordpress\/segunda\/?p=104839"},"modified":"2020-04-28T21:25:44","modified_gmt":"2020-04-28T19:25:44","slug":"los-municipios-de-la-serrania-recibiran-12-millones-extra-de-la-diputacio-para-hacer-frente-a-la-pandemia","status":"publish","type":"post","link":"https:\/\/www.tucomarca.com\/wordpress\/segunda\/los-municipios-de-la-serrania-recibiran-12-millones-extra-de-la-diputacio-para-hacer-frente-a-la-pandemia\/","title":{"rendered":"Los municipios de La Serran\u00eda recibir\u00e1n 1,2 millones extra de la Diputaci\u00f3 para hacer frente a la pandemia"},"content":{"rendered":"\n<p>Los 19 municipios de La Serran\u00eda recibir\u00e1n 1.263.564 euros de la aportaci\u00f3n extraordinaria de la Diputaci\u00f3 de Val\u00e8ncia al Fondo de Cooperaci\u00f3n para hacer frente a las consecuencias de la pandemia. Las ayudas que llegar\u00e1n a los consistorios de la comarca oscilan entre los 126.740 euros de Villar del Arzobispo y los 46.049 euros que corresponden a Benag\u00e9ber. &nbsp; &nbsp; &nbsp;<\/p>\n\n\n\n<p>La Diputaci\u00f3 de Val\u00e8ncia ha aprobado por unanimidad en el pleno de abril una inyecci\u00f3n extraordinaria de 40 millones de euros a los ayuntamientos de la provincia que completar\u00e1 los 20,6 millones ya ingresados a los municipios a trav\u00e9s del Fondo de Cooperaci\u00f3n, el mecanismo en el que la corporaci\u00f3n provincial participa junto a la Generalitat para reforzar la autonom\u00eda local y que, en el contexto actual, pretende dotar a los municipios de recursos econ\u00f3micos, a libre disposici\u00f3n, para afrontar las consecuencias de la crisis del COVID-19.<\/p>\n\n\n\n<p>Por otro lado, el pleno tambi\u00e9n ha dado luz verde con el acuerdo de todos los grupos pol\u00edticos al Plan de Inversiones 2020-21, dotado con 140 millones de euros, cuyos proyectos comenzar\u00e1n a ejecutarse en cuanto finalice el estado de alarma.<\/p>\n\n\n\n<p><strong>M\u00e1s de 60 millones de euros<\/strong><\/p>\n\n\n\n<p>Con esta dotaci\u00f3n suplementaria, la Diputaci\u00f3 aportar\u00e1 en total m\u00e1s de 60 millones de euros a los 266 ayuntamientos y las 3 entidades locales menores de la provincia a trav\u00e9s de un programa que cuenta con otros 20,6 millones de la Generalitat y que permite destinar los recursos a las necesidades de cada municipio, sin justificaci\u00f3n previa y evitando tr\u00e1mites administrativos, lo que mejora la suficiencia financiera de los consistorios para hacer frente a la crisis causada por la pandemia.<\/p>\n\n\n\n<p>En palabras del presidente de la Diputaci\u00f3 de Val\u00e8ncia, Toni Gaspar, \u201cesta partida extraordinaria es un paso m\u00e1s en la hoja de ruta que nos hemos marcado en la instituci\u00f3n para hacer frente a esta situaci\u00f3n complicada para todos, y que se centra en hacer llegar las ayudas de la forma m\u00e1s r\u00e1pida posible a los ayuntamientos, garantizando la liquidez de todos ellos y en especial de los m\u00e1s peque\u00f1os para que todos puedan hacer frente a la crisis\u201d. Gaspar a\u00f1ade que el organismo provincial \u201ccentra tambi\u00e9n sus esfuerzos en el escenario posterior al fin del estado de alarma\u201d, momento en que la Diputaci\u00f3 reactivar\u00e1 el Plan de Inversiones 2020-21, con 140 millones de euros para mejorar infraestructuras y servicios en los municipios.<\/p>\n\n\n\n<p>En cuanto al Fondo de Cooperaci\u00f3n Municipal, \u201cel mejor mecanismo para ayudar a los ayuntamientos y agilizar los recursos que ponemos a su disposici\u00f3n\u201d, la resoluci\u00f3n firmada por el diputado de Hacienda, Vicent Mascarell, y distribuida a los grupos pol\u00edticos antes de su ratificaci\u00f3n en el pleno, contempla esos 40 millones de euros extraordinarios que se distribuir\u00e1n mediante dos f\u00f3rmulas distintas. La mitad de esa cantidad ya fue avanzada a finales del pasado a\u00f1o por el presidente Gaspar y seguir\u00e1 los mismos criterios de reparto que utiliza el Consell. Los otros 20 millones, fruto de una modificaci\u00f3n presupuestaria para ayudar a los municipios a hacer frente a la pandemia, contemplan una cantidad m\u00ednima para cada localidad y otra por tramos de poblaci\u00f3n, pensando en los municipios con menos recursos.&nbsp; &nbsp;<br><\/p>\n","protected":false},"excerpt":{"rendered":"<div class=\"mh-excerpt\">Los 19 municipios de La Serran\u00eda recibir\u00e1n 1.263.564 euros de la aportaci\u00f3n extraordinaria de la Diputaci\u00f3 de Val\u00e8ncia al Fondo de Cooperaci\u00f3n para hacer frente a las consecuencias de la pandemia. Las ayudas que llegar\u00e1n <a class=\"mh-excerpt-more\" href=\"https:\/\/www.tucomarca.com\/wordpress\/segunda\/los-municipios-de-la-serrania-recibiran-12-millones-extra-de-la-diputacio-para-hacer-frente-a-la-pandemia\/\" title=\"Los municipios de La Serran\u00eda recibir\u00e1n 1,2 millones extra de la Diputaci\u00f3 para hacer frente a la pandemia\">[+] <\/a><\/div>\n","protected":false},"author":1,"featured_media":104851,"comment_status":"open","ping_status":"open","sticky":false,"template":"","format":"standard","meta":{"footnotes":""},"categories":[169,137,198,191,101,141,185,190,119,188,186,192,187,193,194,128,8,103,59,195,117,196,142,3,197,116,189,134,45,171],"tags":[11937,11938,11951,10400],"class_list":{"0":"post-104839","1":"post","2":"type-post","3":"status-publish","4":"format-standard","5":"has-post-thumbnail","7":"category-agricultura-la-comarca","8":"category-alcublas","9":"category-alpuente","10":"category-andilla","11":"category-aras-de-olmos","12":"category-benageber","13":"category-bugarra","14":"category-calles","15":"category-sanidad-la-comarca","16":"category-chelva","17":"category-chera-los-serranos","18":"category-chulilla","19":"category-domeno","20":"category-gestalgar","21":"category-higueruelas","22":"category-infraestructuras","23":"category-la-comarca","24":"category-la-yesa","25":"category-los-serranos","26":"category-losa-del-obispo","27":"category-medio-ambiente-la-comarca","28":"category-pedralba","29":"category-politica-la-comarca","30":"category-seccion","31":"category-sot-de-chera","32":"category-sucesos-la-comarca","33":"category-titaguas","34":"category-tuejar","35":"category-ventana","36":"category-villar-del-arzobispo","37":"tag-coronavirus","38":"tag-covid-19","39":"tag-covid2019","40":"tag-los-serranos"},"_links":{"self":[{"href":"https:\/\/www.tucomarca.com\/wordpress\/segunda\/wp-json\/wp\/v2\/posts\/104839","targetHints":{"allow":["GET"]}}],"collection":[{"href":"https:\/\/www.tucomarca.com\/wordpress\/segunda\/wp-json\/wp\/v2\/posts"}],"about":[{"href":"https:\/\/www.tucomarca.com\/wordpress\/segunda\/wp-json\/wp\/v2\/types\/post"}],"author":[{"embeddable":true,"href":"https:\/\/www.tucomarca.com\/wordpress\/segunda\/wp-json\/wp\/v2\/users\/1"}],"replies":[{"embeddable":true,"href":"https:\/\/www.tucomarca.com\/wordpress\/segunda\/wp-json\/wp\/v2\/comments?post=104839"}],"version-history":[{"count":0,"href":"https:\/\/www.tucomarca.com\/wordpress\/segunda\/wp-json\/wp\/v2\/posts\/104839\/revisions"}],"wp:featuredmedia":[{"embeddable":true,"href":"https:\/\/www.tucomarca.com\/wordpress\/segunda\/wp-json\/wp\/v2\/media\/104851"}],"wp:attachment":[{"href":"https:\/\/www.tucomarca.com\/wordpress\/segunda\/wp-json\/wp\/v2\/media?parent=104839"}],"wp:term":[{"taxonomy":"category","embeddable":true,"href":"https:\/\/www.tucomarca.com\/wordpress\/segunda\/wp-json\/wp\/v2\/categories?post=104839"},{"taxonomy":"post_tag","embeddable":true,"href":"https:\/\/www.tucomarca.com\/wordpress\/segunda\/wp-json\/wp\/v2\/tags?post=104839"}],"curies":[{"name":"wp","href":"https:\/\/api.w.org\/{rel}","templated":true}]}}