{"id":104864,"date":"2020-04-28T19:50:18","date_gmt":"2020-04-28T17:50:18","guid":{"rendered":"http:\/\/www.tucomarca.com\/wordpress\/segunda\/?p=104864"},"modified":"2020-04-28T19:50:22","modified_gmt":"2020-04-28T17:50:22","slug":"el-pp-acusa-al-psoe-y-a-unidas-podemos-de-serra-de-utilizar-la-pandemia-para-hacer-campana-partidista","status":"publish","type":"post","link":"https:\/\/www.tucomarca.com\/wordpress\/segunda\/el-pp-acusa-al-psoe-y-a-unidas-podemos-de-serra-de-utilizar-la-pandemia-para-hacer-campana-partidista\/","title":{"rendered":"El PP acusa al PSOE y a Unidas Podemos de Serra de \u00abutilizar la pandemia para hacer campa\u00f1a partidista\u00bb"},"content":{"rendered":"\n<p>\u00abEs un acto de partido en toda regla ver al equipo de gobierno del PSOE y a su lista, repartiendo regalos a los ni\u00f1os que se merecen esto y m\u00e1s por su comportamiento ejemplar que debe estar lejos de toda campa\u00f1a pol\u00edtica y hoy lo que han hecho junto a sus socios de Podemos en este acto es aprovechar los recursos econ\u00f3micos del pueblo para lavar la imagen de tan nefasta gesti\u00f3n del virus que est\u00e1 llevando a cabo el gobierno del PSOE con sus socios bolivaristas que quieren romper Espa\u00f1a. Encabezamos el pa\u00eds con mayor n\u00famero de fallecidos por Covid y ninguna exigencia de la alcaldesa al gobierno auton\u00f3mico sobre n\u00famero de infectados en Serra para gestionar la enfermedad, ninguna exigencia sobre la necesidad de que se practiquen test masivos a la poblaci\u00f3n, priorizando a Polic\u00eda, personal sanitario, de alimentaci\u00f3n, a personas que han estado en contacto con casos positivos para descartar posibles nuevos contagios en Serra, solo silencio ante la falta de transparencia y mentiras que van saliendo a la luz\u00bb, han manifestado desde el PP local.<\/p>\n\n\n\n<p>\u00abDar un regalo a nuestros peque\u00f1os es de agradecer pero no debemos pasar por alto que se hace para conseguir r\u00e9dito pol\u00edtico, instamos a la alcaldesa de Serra\u00a0 que si quiere, ese r\u00e9dito pol\u00edtico, puede donar su sueldo como han hecho otras alcaldesas de la Comarca o tambi\u00e9n, podr\u00eda quitarse mientras dure el estado de alarma el aumento de su sueldo que celebr\u00f3 hace unos meses, eso ser\u00eda ejemplar y merecer\u00eda nuestro reconocimiento p\u00fablico, como tambi\u00e9n que posibilitara la conexi\u00f3n de red WIFI a los alumnos que no dispongan en su domicilio, o dotarles de tablets, de material necesario de apoyo a esos escolares que lo precisan ser\u00eda dar ejemplo, sin embargo es m\u00e1s el mensaje de hoy, la apariencia de esa bolsa y salir en la foto que su contenido\u00bb, han finalizado desde el PP.<\/p>\n","protected":false},"excerpt":{"rendered":"<div class=\"mh-excerpt\">\u00abEs un acto de partido en toda regla ver al equipo de gobierno del PSOE y a su lista, repartiendo regalos a los ni\u00f1os que se merecen esto y m\u00e1s por su comportamiento ejemplar que <a class=\"mh-excerpt-more\" href=\"https:\/\/www.tucomarca.com\/wordpress\/segunda\/el-pp-acusa-al-psoe-y-a-unidas-podemos-de-serra-de-utilizar-la-pandemia-para-hacer-campana-partidista\/\" title=\"El PP acusa al PSOE y a Unidas Podemos de Serra de \u00abutilizar la pandemia para hacer campa\u00f1a partidista\u00bb\">[+] <\/a><\/div>\n","protected":false},"author":1,"featured_media":45345,"comment_status":"open","ping_status":"open","sticky":false,"template":"","format":"standard","meta":{"footnotes":""},"categories":[46,128,8,142,3,76,116],"tags":[10395,11937,11938,11951,11992,10404],"class_list":{"0":"post-104864","1":"post","2":"type-post","3":"status-publish","4":"format-standard","5":"has-post-thumbnail","7":"category-camp-de-turia","8":"category-infraestructuras","9":"category-la-comarca","10":"category-politica-la-comarca","11":"category-seccion","12":"category-serra","13":"category-sucesos-la-comarca","14":"tag-camp-de-turia","15":"tag-coronavirus","16":"tag-covid-19","17":"tag-covid2019","18":"tag-covid2019-covid-19","19":"tag-serra"},"_links":{"self":[{"href":"https:\/\/www.tucomarca.com\/wordpress\/segunda\/wp-json\/wp\/v2\/posts\/104864","targetHints":{"allow":["GET"]}}],"collection":[{"href":"https:\/\/www.tucomarca.com\/wordpress\/segunda\/wp-json\/wp\/v2\/posts"}],"about":[{"href":"https:\/\/www.tucomarca.com\/wordpress\/segunda\/wp-json\/wp\/v2\/types\/post"}],"author":[{"embeddable":true,"href":"https:\/\/www.tucomarca.com\/wordpress\/segunda\/wp-json\/wp\/v2\/users\/1"}],"replies":[{"embeddable":true,"href":"https:\/\/www.tucomarca.com\/wordpress\/segunda\/wp-json\/wp\/v2\/comments?post=104864"}],"version-history":[{"count":0,"href":"https:\/\/www.tucomarca.com\/wordpress\/segunda\/wp-json\/wp\/v2\/posts\/104864\/revisions"}],"wp:featuredmedia":[{"embeddable":true,"href":"https:\/\/www.tucomarca.com\/wordpress\/segunda\/wp-json\/wp\/v2\/media\/45345"}],"wp:attachment":[{"href":"https:\/\/www.tucomarca.com\/wordpress\/segunda\/wp-json\/wp\/v2\/media?parent=104864"}],"wp:term":[{"taxonomy":"category","embeddable":true,"href":"https:\/\/www.tucomarca.com\/wordpress\/segunda\/wp-json\/wp\/v2\/categories?post=104864"},{"taxonomy":"post_tag","embeddable":true,"href":"https:\/\/www.tucomarca.com\/wordpress\/segunda\/wp-json\/wp\/v2\/tags?post=104864"}],"curies":[{"name":"wp","href":"https:\/\/api.w.org\/{rel}","templated":true}]}}