{"id":105034,"date":"2020-04-30T14:34:35","date_gmt":"2020-04-30T12:34:35","guid":{"rendered":"http:\/\/www.tucomarca.com\/wordpress\/segunda\/?p=105034"},"modified":"2020-04-30T14:34:37","modified_gmt":"2020-04-30T12:34:37","slug":"jovenes-con-discapacidad-intelectual-animan-a-pacientes-y-profesionales-del-departamento-de-salud-de-manises","status":"publish","type":"post","link":"https:\/\/www.tucomarca.com\/wordpress\/segunda\/jovenes-con-discapacidad-intelectual-animan-a-pacientes-y-profesionales-del-departamento-de-salud-de-manises\/","title":{"rendered":"J\u00f3venes con discapacidad intelectual animan a pacientes y profesionales del Departamento de Salud de Manises"},"content":{"rendered":"\n<figure class=\"wp-block-image\"><img loading=\"lazy\" decoding=\"async\" width=\"787\" height=\"789\" src=\"https:\/\/www.tucomarca.com\/wordpress\/segunda\/wp-content\/uploads\/2020\/04\/manises_dibujos.jpg\" alt=\"\" class=\"wp-image-103432\" srcset=\"https:\/\/www.tucomarca.com\/wordpress\/segunda\/wp-content\/uploads\/2020\/04\/manises_dibujos.jpg 787w, https:\/\/www.tucomarca.com\/wordpress\/segunda\/wp-content\/uploads\/2020\/04\/manises_dibujos-290x290.jpg 290w, https:\/\/www.tucomarca.com\/wordpress\/segunda\/wp-content\/uploads\/2020\/04\/manises_dibujos-300x300.jpg 300w, https:\/\/www.tucomarca.com\/wordpress\/segunda\/wp-content\/uploads\/2020\/04\/manises_dibujos-768x770.jpg 768w\" sizes=\"auto, (max-width: 787px) 100vw, 787px\" \/><\/figure>\n\n\n\n<p>En estos d\u00edas son innumerables las muestras de apoyo y agradecimiento a la labor de los profesionales sanitarios y pacientes que est\u00e1n combatiendo contra el Covid-19. En el marco de la campa\u00f1a&nbsp;<em>\u00a1Tus \u00e1nimos, nuestra medicina\u00a1&nbsp;<\/em>lanzada por el Departamento de Salud de Manises, los j\u00f3venes&nbsp; con discapacidad intelectual de la Asociaci\u00f3n Tots Junts Podem han preparado un&nbsp;<a href=\"https:\/\/www.youtube.com\/watch?v=EKkWrXnwu1M\">video<\/a>&nbsp;para transmitir su solidaridad y \u00e1nimos con los pacientes y personal del centro hospitalario.<\/p>\n\n\n\n<p>La Asociaci\u00f3n Tots Junts Podem es una entidad impulsada por un grupo de familias para dar respuesta a las demandas de ocio y amistad de j\u00f3venes con discapacidad intelectual. Desde la Asociaci\u00f3n se trabaja la autonom\u00eda y autogesti\u00f3n de los j\u00f3venes, las relaciones interpersonales y la participaci\u00f3n en la comunidad, o la promoci\u00f3n de las capacidades personales de cada persona.<\/p>\n\n\n\n<p>La situaci\u00f3n de emergencia provocada por el Estado de Alarma como consecuencia de la pandemia del Covid-19 es complicada para grupo de especial debilidad o trastornos de neurodesarrollo como ni\u00f1os con TEA o discapacidad intelectual que ven alteradas sus rutinas.&nbsp; Por ello, las especialistas de la Unidad de Neurorrehabilitaci\u00f3n Infantil del Hospital de Manises aconsejan ante la incertidumbre y la p\u00e9rdida de rutinas dar una estructura y anticiparse a la situaci\u00f3n para dar sentido a los d\u00edas y desarrollar habilidad y capacidad.<\/p>\n\n\n\n<p>El Departamento de Salud de Manises ha lanzado la campa\u00f1a&nbsp;<em>\u00a1Tus \u00e1nimos, nuestra medicina\u00a1<\/em>&nbsp;dirigida a los menores para que env\u00eden sus mensajes de apoyo a los profesionales sanitarios y pacientes que est\u00e1n luchando para hacer frente a la pandemia del Covid-19. Las cartas o dibujos se enviar\u00e1n a la direcci\u00f3n de correo electr\u00f3nico&nbsp;<a href=\"mailto:comunicacion@hospitalmanises.es\">comunicacion@hospitalmanises.es<\/a><\/p>\n","protected":false},"excerpt":{"rendered":"<div class=\"mh-excerpt\">En estos d\u00edas son innumerables las muestras de apoyo y agradecimiento a la labor de los profesionales sanitarios y pacientes que est\u00e1n combatiendo contra el Covid-19. En el marco de la campa\u00f1a&nbsp;\u00a1Tus \u00e1nimos, nuestra medicina\u00a1&nbsp;lanzada <a class=\"mh-excerpt-more\" href=\"https:\/\/www.tucomarca.com\/wordpress\/segunda\/jovenes-con-discapacidad-intelectual-animan-a-pacientes-y-profesionales-del-departamento-de-salud-de-manises\/\" title=\"J\u00f3venes con discapacidad intelectual animan a pacientes y profesionales del Departamento de Salud de Manises\">[+] <\/a><\/div>\n","protected":false},"author":12,"featured_media":105100,"comment_status":"open","ping_status":"open","sticky":false,"template":"","format":"standard","meta":{"footnotes":""},"categories":[19,18,46,119,17,16,14,128,8,10,42,13,3,116,43,45,11],"tags":[11937,11938,136,5952],"class_list":{"0":"post-105034","1":"post","2":"type-post","3":"status-publish","4":"format-standard","5":"has-post-thumbnail","7":"category-alborache","8":"category-bunol","9":"category-camp-de-turia","10":"category-sanidad-la-comarca","11":"category-cheste","12":"category-chiva","13":"category-godelleta","14":"category-infraestructuras","15":"category-la-comarca","16":"category-la-hoya","17":"category-la-ribera","18":"category-macastre","19":"category-seccion","20":"category-sucesos-la-comarca","21":"category-turis","22":"category-ventana","23":"category-yatova","24":"tag-coronavirus","25":"tag-covid-19","26":"tag-hospital-de-manises","27":"tag-la-hoya-de-bunol-chiva"},"_links":{"self":[{"href":"https:\/\/www.tucomarca.com\/wordpress\/segunda\/wp-json\/wp\/v2\/posts\/105034","targetHints":{"allow":["GET"]}}],"collection":[{"href":"https:\/\/www.tucomarca.com\/wordpress\/segunda\/wp-json\/wp\/v2\/posts"}],"about":[{"href":"https:\/\/www.tucomarca.com\/wordpress\/segunda\/wp-json\/wp\/v2\/types\/post"}],"author":[{"embeddable":true,"href":"https:\/\/www.tucomarca.com\/wordpress\/segunda\/wp-json\/wp\/v2\/users\/12"}],"replies":[{"embeddable":true,"href":"https:\/\/www.tucomarca.com\/wordpress\/segunda\/wp-json\/wp\/v2\/comments?post=105034"}],"version-history":[{"count":0,"href":"https:\/\/www.tucomarca.com\/wordpress\/segunda\/wp-json\/wp\/v2\/posts\/105034\/revisions"}],"wp:featuredmedia":[{"embeddable":true,"href":"https:\/\/www.tucomarca.com\/wordpress\/segunda\/wp-json\/wp\/v2\/media\/105100"}],"wp:attachment":[{"href":"https:\/\/www.tucomarca.com\/wordpress\/segunda\/wp-json\/wp\/v2\/media?parent=105034"}],"wp:term":[{"taxonomy":"category","embeddable":true,"href":"https:\/\/www.tucomarca.com\/wordpress\/segunda\/wp-json\/wp\/v2\/categories?post=105034"},{"taxonomy":"post_tag","embeddable":true,"href":"https:\/\/www.tucomarca.com\/wordpress\/segunda\/wp-json\/wp\/v2\/tags?post=105034"}],"curies":[{"name":"wp","href":"https:\/\/api.w.org\/{rel}","templated":true}]}}