{"id":105071,"date":"2020-04-30T14:10:04","date_gmt":"2020-04-30T12:10:04","guid":{"rendered":"http:\/\/www.tucomarca.com\/wordpress\/segunda\/?p=105071"},"modified":"2020-04-30T14:10:08","modified_gmt":"2020-04-30T12:10:08","slug":"la-concejalia-de-deportes-del-ayuntamiento-de-bunol-comunica-la-suspension-del-campeonato-de-verano-de-futbol-sala-y-las-carreras-populares","status":"publish","type":"post","link":"https:\/\/www.tucomarca.com\/wordpress\/segunda\/la-concejalia-de-deportes-del-ayuntamiento-de-bunol-comunica-la-suspension-del-campeonato-de-verano-de-futbol-sala-y-las-carreras-populares\/","title":{"rendered":"La concejal\u00eda de Deportes del Ayuntamiento de Bu\u00f1ol comunica la suspensi\u00f3n del campeonato de verano de f\u00fatbol sala y las carreras populares"},"content":{"rendered":"\n<p><strong>Se sigue as\u00ed la recomendaci\u00f3n de la Generalitat Valenciana de suspender cualquier competici\u00f3n deportiva no federada<\/strong><\/p>\n\n\n\n<p>El Campeonato de Verano de F\u00fatbol Sala y las carreras populares locales quedan suspendidas en Bu\u00f1ol debido a la crisis sanitaria producida por la Covid-19, siguiendo de esta forma la recomendaci\u00f3n de la Generalitat Valenciana de suspender cualquier competici\u00f3n deportiva no federada.<\/p>\n\n\n\n<p>Sobre el resto de eventos deportivos veraniegos se tomar\u00e1 una decisi\u00f3n a partir de agosto, al ser, por las condiciones de los mismos, m\u00e1s factible apurar plazos y suspender si no se pudiesen llevar a cabo, sin que suponga un perjuicio de ning\u00fan tipo, ni para la organizaci\u00f3n ni para los participantes.<\/p>\n","protected":false},"excerpt":{"rendered":"<div class=\"mh-excerpt\">Se sigue as\u00ed la recomendaci\u00f3n de la Generalitat Valenciana de suspender cualquier competici\u00f3n deportiva no federada El Campeonato de Verano de F\u00fatbol Sala y las carreras populares locales quedan suspendidas en Bu\u00f1ol debido a la <a class=\"mh-excerpt-more\" href=\"https:\/\/www.tucomarca.com\/wordpress\/segunda\/la-concejalia-de-deportes-del-ayuntamiento-de-bunol-comunica-la-suspension-del-campeonato-de-verano-de-futbol-sala-y-las-carreras-populares\/\" title=\"La concejal\u00eda de Deportes del Ayuntamiento de Bu\u00f1ol comunica la suspensi\u00f3n del campeonato de verano de f\u00fatbol sala y las carreras populares\">[+] <\/a><\/div>\n","protected":false},"author":12,"featured_media":105073,"comment_status":"open","ping_status":"open","sticky":false,"template":"","format":"standard","meta":{"footnotes":""},"categories":[98,18,50,119,6,222,8,10,3,116],"tags":[5335,11937,11938,10379,10661,5952],"class_list":{"0":"post-105071","1":"post","2":"type-post","3":"status-publish","4":"format-standard","5":"has-post-thumbnail","7":"category-atletismo","8":"category-bunol","9":"category-futbol-deportes","10":"category-sanidad-la-comarca","11":"category-deportes","12":"category-futbol-sala","13":"category-la-comarca","14":"category-la-hoya","15":"category-seccion","16":"category-sucesos-la-comarca","17":"tag-ayuntamiento-de-bunol","18":"tag-coronavirus","19":"tag-covid-19","20":"tag-deportes","21":"tag-esports","22":"tag-la-hoya-de-bunol-chiva"},"_links":{"self":[{"href":"https:\/\/www.tucomarca.com\/wordpress\/segunda\/wp-json\/wp\/v2\/posts\/105071","targetHints":{"allow":["GET"]}}],"collection":[{"href":"https:\/\/www.tucomarca.com\/wordpress\/segunda\/wp-json\/wp\/v2\/posts"}],"about":[{"href":"https:\/\/www.tucomarca.com\/wordpress\/segunda\/wp-json\/wp\/v2\/types\/post"}],"author":[{"embeddable":true,"href":"https:\/\/www.tucomarca.com\/wordpress\/segunda\/wp-json\/wp\/v2\/users\/12"}],"replies":[{"embeddable":true,"href":"https:\/\/www.tucomarca.com\/wordpress\/segunda\/wp-json\/wp\/v2\/comments?post=105071"}],"version-history":[{"count":0,"href":"https:\/\/www.tucomarca.com\/wordpress\/segunda\/wp-json\/wp\/v2\/posts\/105071\/revisions"}],"wp:featuredmedia":[{"embeddable":true,"href":"https:\/\/www.tucomarca.com\/wordpress\/segunda\/wp-json\/wp\/v2\/media\/105073"}],"wp:attachment":[{"href":"https:\/\/www.tucomarca.com\/wordpress\/segunda\/wp-json\/wp\/v2\/media?parent=105071"}],"wp:term":[{"taxonomy":"category","embeddable":true,"href":"https:\/\/www.tucomarca.com\/wordpress\/segunda\/wp-json\/wp\/v2\/categories?post=105071"},{"taxonomy":"post_tag","embeddable":true,"href":"https:\/\/www.tucomarca.com\/wordpress\/segunda\/wp-json\/wp\/v2\/tags?post=105071"}],"curies":[{"name":"wp","href":"https:\/\/api.w.org\/{rel}","templated":true}]}}