{"id":105416,"date":"2020-05-05T21:17:27","date_gmt":"2020-05-05T19:17:27","guid":{"rendered":"http:\/\/www.tucomarca.com\/wordpress\/segunda\/?p=105416"},"modified":"2020-05-05T21:18:16","modified_gmt":"2020-05-05T19:18:16","slug":"sindicatos-asociacion-de-empresarios-y-autonomos-gobierno-y-oposicion-de-bunol-acuerdan-160-000-e-para-paliar-los-efectos-del-covid-19","status":"publish","type":"post","link":"https:\/\/www.tucomarca.com\/wordpress\/segunda\/sindicatos-asociacion-de-empresarios-y-autonomos-gobierno-y-oposicion-de-bunol-acuerdan-160-000-e-para-paliar-los-efectos-del-covid-19\/","title":{"rendered":"Sindicatos, asociaci\u00f3n de empresarios y aut\u00f3nomos, gobierno y oposici\u00f3n de Bu\u00f1ol acuerdan destinar 160.000 \u20ac para paliar los efectos del Covid-19"},"content":{"rendered":"\n<p><strong>Tras la Junta de Portavoces se organiz\u00f3 una reuni\u00f3n telem\u00e1tica con todos los agentes del CES donde se inform\u00f3 de las ayudas, que finalmente se aprobaron en sesi\u00f3n plenaria<\/strong><\/p>\n\n\n\n<p>El Ayuntamiento de Bu\u00f1ol, a trav\u00e9s de la Concejal\u00eda de Hacienda y Contrataci\u00f3n, se present\u00f3 en el pasado pleno una modificaci\u00f3n de cr\u00e9ditos en el presupuesto de 2020 en la que se estipulan 110.000\u20ac destinados para comerciantes y empresarios del municipio y 50.000\u20ac para Emergencia Social. Se trata de una primera fase. Desde el Consistorio insisten en que, dependiendo de la evoluci\u00f3n de la desescalada y la apertura de negocios, comercios, pymes e industrias se establecer\u00e1n m\u00e1s ayudas si fuera necesario. Tambi\u00e9n son ayudas a las familias afectadas por Erte que hayan disminuido su salario y queden vulnerables en estos momentos.&nbsp;<\/p>\n\n\n\n<p>Esta partida, unida a los 50.000\u20ac para Emergencia Social, que hacen un total de 160.000\u20ac para paliar los efectos del Covid19, se ha cogido de presupuesto de cuatro \u00e1reas: Cultura, Festejos, Deportes y Radio Municipal. Esta modificaci\u00f3n se present\u00f3 como moci\u00f3n de urgencia en el plenario y fue le\u00edda la propuesta por Manuel Sierra, edil de Hacienda y Contrataci\u00f3n, adem\u00e1s de Medios de Comunicaci\u00f3n y Deportes.<\/p>\n\n\n\n<p>Esta modificaci\u00f3n de cr\u00e9ditos fue aprobada por el plenario. Y es que el pasado viernes, en Junta de Portavoces se trat\u00f3 este asunto, y adem\u00e1s, el domingo se llev\u00f3 a cabo una reuni\u00f3n informal de forma telem\u00e1tica en la que intervinieron todos los partidos con representaci\u00f3n en el plenario, adem\u00e1s de los dos sindicatos mayoritarios (CCOO y UGT) y la Asociaci\u00f3n de Empresarios y Aut\u00f3nomos de Bu\u00f1ol. Todos ellos son miembros del Consejo Econ\u00f3mico y Social (CES), pero debido a la imposibilidad de reunirse todos lo llevaron a cabo v\u00eda telem\u00e1tica.<\/p>\n\n\n\n<p>Pedro Rubio, presidente de la Asociaci\u00f3n de Empresarios y Aut\u00f3nomos de Bu\u00f1ol, ha se\u00f1alado en declaraciones a Radio Bu\u00f1ol TV, que desde el principio el Ayuntamiento ha estado activo y escuchando todas y cada una de las necesidades de los comerciantes y empresarios. Afirm\u00f3: \u201cHemos conocido la partida para los comerciantes y aunque nos resulte insuficiente se ha estudiado que sean compatibles con otras que podamos solicitar. Han mostrado intenci\u00f3n de ayudarnos en esta grave situaci\u00f3n que estamos pasando y seguimos en contacto para transmitir un listado de empresas y comercios de la localidad y as\u00ed agilizar cuanto antes las cuant\u00edas a percibir para todos. La alcaldesa y concejal de Comercio, Juncal Carrascosa, se ha volcado con todos nosotros. Esperamos que Bu\u00f1ol vuelva a la normalidad. Seguro que los vecinos responder\u00e1n y volver\u00e1n a nuestros comercios\u201d.<\/p>\n\n\n\n<p>Rafael P\u00e9rez, portavoz de EU, ha declarado a la radio municipal que se est\u00e1 recibiendo un aluvi\u00f3n de reclamaciones de los vecinos del municipio afectados por esta grave crisis econ\u00f3mica a los Servicios Sociales. \u201cPero hemos lanzado un buen montante de ayudas para que nadie se quede atr\u00e1s, para que nadie en Bu\u00f1ol no tenga para comer. Hemos sido el primer Ayuntamiento en responder tan r\u00e1pido y de forma tan eficaz en torno a este tipo de ayudas para familias y empresarios. Se ha tenido que recortar de algunas concejal\u00edas, pero todos hemos estado de acuerdo. Se aprob\u00f3 por el plenario y todos los agentes conoc\u00edan la modificaci\u00f3n de cr\u00e9ditos. Para este equipo de gobierno las personas son nuestra prioridad, por ello tambi\u00e9n hemos aumentado temporalmente el personal de Servicios Sociales. Se atiende y se da la ayuda en tiempo r\u00e9cord. Pronto volveremos a nuestras calles, nuestros comercios y nuestras familias. La sociedad ha respondido brillantemente y el Ayuntamiento, como instituci\u00f3n m\u00e1s cercana al vecino, ten\u00edamos que dar respuestas r\u00e1pidas y as\u00ed lo hemos hecho\u201d, destac\u00f3 el Primer Teniente de Alcalde y portavoz de EU, Rafael P\u00e9rez.<\/p>\n\n\n\n<p>Por parte de los sindicatos, en esta reuni\u00f3n telem\u00e1tica estuvieron presentes CCOO y UGT. Javier Maqueda, secretario Intercomarcal UGT calific\u00f3 de positivas, en declaraciones a Radio Bu\u00f1ol TV, las medidas que el gobierno municipal aprob\u00f3 en el pasado pleno. Aunque previno que tras el proceso de desescalada, \u201cprevisiblemente har\u00eda falta mayor partida al desconocer c\u00f3mo iba a actuar el ciudadano ante la apertura de industrias, comercios y pymes\u201d.&nbsp;<\/p>\n\n\n\n<p>A\u00fan as\u00ed Maqueda entiende que siempre hay que ser exigentes, y reclamar m\u00e1s al gobierno municipal. \u201cEn cualquier caso el trato con el equipo de gobierno es muy fluido y es algo que hay que destacar. Adem\u00e1s, creo que este tipo de medidas deber\u00edan aplicarse a nivel comarcal a trav\u00e9s de la Mancomunidad de la Hoya de Bu\u00f1ol-Chiva para que todos los municipios puedan beneficiarse\u201d.<\/p>\n\n\n\n<p>Al respecto de estas ayudas, \u00c1lvaro Belda, sindicalista de CCOO en esta comarca, ha calificado tambi\u00e9n de positivas estas medidas. \u201cLa comunicaci\u00f3n es muy fluida con el Ayuntamiento y eso hay que ponerlo en valor\u201d, destac\u00f3. Adem\u00e1s, tambi\u00e9n cree que ser\u00e1n necesarias mayores medidas en cuanto empiecen a producirse despidos colectivos. \u201cEn ese momento desde CCOO entendemos y as\u00ed se lo hemos transmitido a la administraci\u00f3n municipal, que no hay motivo de miedo para un endeudamiento, siempre con el objetivo de que nadie en nuestro municipio se quede sin poder cubrir sus necesidades b\u00e1sicas\u201d, finaliz\u00f3 Belda. &nbsp;<\/p>\n\n\n\n<p>Como miembro del equipo de gobierno, Mati Mas, de Podemos, asegur\u00f3 que estos acuerdos han sido fruto de un gran trabajo en la b\u00fasqueda de ayudas directas y compatibles, \u201ccon el fin de que pudieran solicitar tambi\u00e9n las ayudas auton\u00f3micas y estatales\u201d. Aunque, insiste en que la adaptaci\u00f3n de esta primera fase ser\u00e1 complicada, \u201cdeben adaptarse a las necesidades de la poblaci\u00f3n e ir viendo si hacen falta m\u00e1s ayudas en los pr\u00f3ximos meses\u201d.&nbsp;<\/p>\n\n\n\n<p>En esta reuni\u00f3n telem\u00e1tica y en la Junta de Portavoces del pasado viernes tambi\u00e9n estuvieron presentes los dos partidos de la oposici\u00f3n, PP e IAB. Ambos fueron informados de todas las medidas que, finalmente, fueron aprobadas en el \u00faltimo pleno del Consistorio bu\u00f1olense.<\/p>\n","protected":false},"excerpt":{"rendered":"<div class=\"mh-excerpt\">Tras la Junta de Portavoces se organiz\u00f3 una reuni\u00f3n telem\u00e1tica con todos los agentes del CES donde se inform\u00f3 de las ayudas, que finalmente se aprobaron en sesi\u00f3n plenaria El Ayuntamiento de Bu\u00f1ol, a trav\u00e9s <a class=\"mh-excerpt-more\" href=\"https:\/\/www.tucomarca.com\/wordpress\/segunda\/sindicatos-asociacion-de-empresarios-y-autonomos-gobierno-y-oposicion-de-bunol-acuerdan-160-000-e-para-paliar-los-efectos-del-covid-19\/\" title=\"Sindicatos, asociaci\u00f3n de empresarios y aut\u00f3nomos, gobierno y oposici\u00f3n de Bu\u00f1ol acuerdan destinar 160.000 \u20ac para paliar los efectos del Covid-19\">[+] <\/a><\/div>\n","protected":false},"author":12,"featured_media":105422,"comment_status":"open","ping_status":"open","sticky":false,"template":"","format":"standard","meta":{"footnotes":""},"categories":[18,119,128,8,10,117,142,3,116],"tags":[11674,5335,11937,11938,11951,5952],"class_list":{"0":"post-105416","1":"post","2":"type-post","3":"status-publish","4":"format-standard","5":"has-post-thumbnail","7":"category-bunol","8":"category-sanidad-la-comarca","9":"category-infraestructuras","10":"category-la-comarca","11":"category-la-hoya","12":"category-medio-ambiente-la-comarca","13":"category-politica-la-comarca","14":"category-seccion","15":"category-sucesos-la-comarca","16":"tag-asociacion-de-empresarios-y-autonomos-de-bunol","17":"tag-ayuntamiento-de-bunol","18":"tag-coronavirus","19":"tag-covid-19","20":"tag-covid2019","21":"tag-la-hoya-de-bunol-chiva"},"_links":{"self":[{"href":"https:\/\/www.tucomarca.com\/wordpress\/segunda\/wp-json\/wp\/v2\/posts\/105416","targetHints":{"allow":["GET"]}}],"collection":[{"href":"https:\/\/www.tucomarca.com\/wordpress\/segunda\/wp-json\/wp\/v2\/posts"}],"about":[{"href":"https:\/\/www.tucomarca.com\/wordpress\/segunda\/wp-json\/wp\/v2\/types\/post"}],"author":[{"embeddable":true,"href":"https:\/\/www.tucomarca.com\/wordpress\/segunda\/wp-json\/wp\/v2\/users\/12"}],"replies":[{"embeddable":true,"href":"https:\/\/www.tucomarca.com\/wordpress\/segunda\/wp-json\/wp\/v2\/comments?post=105416"}],"version-history":[{"count":0,"href":"https:\/\/www.tucomarca.com\/wordpress\/segunda\/wp-json\/wp\/v2\/posts\/105416\/revisions"}],"wp:featuredmedia":[{"embeddable":true,"href":"https:\/\/www.tucomarca.com\/wordpress\/segunda\/wp-json\/wp\/v2\/media\/105422"}],"wp:attachment":[{"href":"https:\/\/www.tucomarca.com\/wordpress\/segunda\/wp-json\/wp\/v2\/media?parent=105416"}],"wp:term":[{"taxonomy":"category","embeddable":true,"href":"https:\/\/www.tucomarca.com\/wordpress\/segunda\/wp-json\/wp\/v2\/categories?post=105416"},{"taxonomy":"post_tag","embeddable":true,"href":"https:\/\/www.tucomarca.com\/wordpress\/segunda\/wp-json\/wp\/v2\/tags?post=105416"}],"curies":[{"name":"wp","href":"https:\/\/api.w.org\/{rel}","templated":true}]}}