{"id":105505,"date":"2020-05-07T12:53:43","date_gmt":"2020-05-07T10:53:43","guid":{"rendered":"http:\/\/www.tucomarca.com\/wordpress\/segunda\/?p=105505"},"modified":"2020-05-07T12:53:46","modified_gmt":"2020-05-07T10:53:46","slug":"se-abre-el-periodo-de-solicitud-de-ayudas-urgentes-al-alquiler-covid-19-a-traves-del-ayuntamiento-de-utiel","status":"publish","type":"post","link":"https:\/\/www.tucomarca.com\/wordpress\/segunda\/se-abre-el-periodo-de-solicitud-de-ayudas-urgentes-al-alquiler-covid-19-a-traves-del-ayuntamiento-de-utiel\/","title":{"rendered":"Se abre el periodo de solicitud de ayudas urgentes al alquiler Covid-19 a trav\u00e9s del Ayuntamiento de Utiel"},"content":{"rendered":"\n<p><strong>Los interesados pueden contactar con el departamento de Servicios Sociales en el 96 217 05 04. El plazo de presentaci\u00f3n finaliza el 30 de junio<\/strong><\/p>\n\n\n\n<p>l departamento de Servicios Sociales del Ayuntamiento de Utiel ha iniciado la tramitaci\u00f3n de las ayudas urgentes al alquiler para aquellos vecinos de Utiel arrendatarios de vivienda habitual que acrediten estar en situaci\u00f3n de vulnerabilidad econ\u00f3mica y social sobrevenida a consecuencia de la COVID-19 con posterioridad al 15 de marzo de 2020.<\/p>\n\n\n\n<p>El Diario Oficial de la Generalitat Valenciana (DOGV) publicaba las bases para la concesi\u00f3n de estas ayudas urgentes dirigidas a arrendatarios con problemas transitorios derivados de esta crisis para hacer frente al pago del alquiler de viviendas&nbsp;<\/p>\n\n\n\n<p>La cuant\u00eda de la ayuda podr\u00e1 alcanzar hasta el cien por cien de la renta que conste en el contrato de arrendamiento, hasta un importe m\u00e1ximo de 650 euros al mes dependiendo del grado de vulnerabilidad y por un periodo m\u00e1ximo de seis meses. El periodo subvencionable ya podr\u00eda iniciarse en el mes de abril<\/p>\n\n\n\n<p>Este programa incluye la concesi\u00f3n de ayudas para hacer frente a la devoluci\u00f3n de las ayudas transitorias de financiaci\u00f3n, que las entidades bancarias hayan ofrecido a las personas solicitantes que se encuentren en la situaci\u00f3n de vulnerabilidad social y econ\u00f3mica como consecuencia de la expansi\u00f3n del coronavirus.<\/p>\n\n\n\n<p><strong>Beneficiarios de Ayudas<\/strong><\/p>\n\n\n\n<p>Para ser beneficiario de estas ayudas, entre los supuestos de vulnerabilidad econ\u00f3mica, se incluye a personas en situaci\u00f3n de desempleo, con un Expediente Temporal de Regulaci\u00f3n de Empleo (ERTE) o, en caso de ser empresario o empresaria, que haya reducido su jornada por motivo de cuidados u otras circunstancias similares que supongan una p\u00e9rdida sustancial de ingresos.<\/p>\n\n\n\n<p>La concesi\u00f3n de las ayudas estar\u00e1 determinada por el grado de vulnerabilidad de las personas beneficiarias, valorando la suma de ingresos de la unidad de convivencia con el IPREM como referencia.<\/p>\n\n\n\n<p><strong>Presentaci\u00f3n de Solicitudes<\/strong><\/p>\n\n\n\n<p>El plazo de presentaci\u00f3n de solicitudes finalizar\u00e1 a las 12 horas del pr\u00f3ximo 30 de junio.&nbsp;<\/p>\n\n\n\n<p>Los interesados pueden contactar con el departamento de Servicios Sociales del Ayuntamiento de Utiel (96 217 05 04) y concertar cita previa para trasladar la documentaci\u00f3n requerida y el procedimiento de tramitaci\u00f3n.<\/p>\n\n\n\n<p>Las solicitudes tambi\u00e9n se pueden presentar de forma telem\u00e1tica a trav\u00e9s del portal de la <a href=\"http:\/\/www.habitatge.gva.es\/es\/web\/vivienda-y-calidad-en-la-edificacion\/ajudes-convocatories-2020\/-\/asset_publisher\/30neCx9NhA1A\/content\/ajudes-lloguer-covid-19\">Conselleria de Vivienda y Arquitectura Bioclim\u00e1tica<\/a>&nbsp;<br><\/p>\n","protected":false},"excerpt":{"rendered":"<div class=\"mh-excerpt\">Los interesados pueden contactar con el departamento de Servicios Sociales en el 96 217 05 04. El plazo de presentaci\u00f3n finaliza el 30 de junio l departamento de Servicios Sociales del Ayuntamiento de Utiel ha <a class=\"mh-excerpt-more\" href=\"https:\/\/www.tucomarca.com\/wordpress\/segunda\/se-abre-el-periodo-de-solicitud-de-ayudas-urgentes-al-alquiler-covid-19-a-traves-del-ayuntamiento-de-utiel\/\" title=\"Se abre el periodo de solicitud de ayudas urgentes al alquiler Covid-19 a trav\u00e9s del Ayuntamiento de Utiel\">[+] <\/a><\/div>\n","protected":false},"author":12,"featured_media":105517,"comment_status":"open","ping_status":"open","sticky":false,"template":"","format":"standard","meta":{"footnotes":""},"categories":[119,128,8,142,27,3,116,29],"tags":[10574,11937,11938,10387],"class_list":{"0":"post-105505","1":"post","2":"type-post","3":"status-publish","4":"format-standard","5":"has-post-thumbnail","7":"category-sanidad-la-comarca","8":"category-infraestructuras","9":"category-la-comarca","10":"category-politica-la-comarca","11":"category-requena-utiel","12":"category-seccion","13":"category-sucesos-la-comarca","14":"category-utiel","15":"tag-ayuntamiento-de-utiel","16":"tag-coronavirus","17":"tag-covid-19","18":"tag-requena-utiel"},"_links":{"self":[{"href":"https:\/\/www.tucomarca.com\/wordpress\/segunda\/wp-json\/wp\/v2\/posts\/105505","targetHints":{"allow":["GET"]}}],"collection":[{"href":"https:\/\/www.tucomarca.com\/wordpress\/segunda\/wp-json\/wp\/v2\/posts"}],"about":[{"href":"https:\/\/www.tucomarca.com\/wordpress\/segunda\/wp-json\/wp\/v2\/types\/post"}],"author":[{"embeddable":true,"href":"https:\/\/www.tucomarca.com\/wordpress\/segunda\/wp-json\/wp\/v2\/users\/12"}],"replies":[{"embeddable":true,"href":"https:\/\/www.tucomarca.com\/wordpress\/segunda\/wp-json\/wp\/v2\/comments?post=105505"}],"version-history":[{"count":0,"href":"https:\/\/www.tucomarca.com\/wordpress\/segunda\/wp-json\/wp\/v2\/posts\/105505\/revisions"}],"wp:featuredmedia":[{"embeddable":true,"href":"https:\/\/www.tucomarca.com\/wordpress\/segunda\/wp-json\/wp\/v2\/media\/105517"}],"wp:attachment":[{"href":"https:\/\/www.tucomarca.com\/wordpress\/segunda\/wp-json\/wp\/v2\/media?parent=105505"}],"wp:term":[{"taxonomy":"category","embeddable":true,"href":"https:\/\/www.tucomarca.com\/wordpress\/segunda\/wp-json\/wp\/v2\/categories?post=105505"},{"taxonomy":"post_tag","embeddable":true,"href":"https:\/\/www.tucomarca.com\/wordpress\/segunda\/wp-json\/wp\/v2\/tags?post=105505"}],"curies":[{"name":"wp","href":"https:\/\/api.w.org\/{rel}","templated":true}]}}