{"id":10551,"date":"2013-01-14T22:29:36","date_gmt":"2013-01-14T21:29:36","guid":{"rendered":"http:\/\/www.tucomarca.com\/wordpress\/segunda\/?p=10551"},"modified":"2013-01-15T09:36:28","modified_gmt":"2013-01-15T08:36:28","slug":"video-2-%c2%abno-al-tunel%c2%bb-anuncia-mas-movilizaciones-ante-el-inminente-inicio-de-las-obras-en-el-paso-a-nivel-de-bunol","status":"publish","type":"post","link":"https:\/\/www.tucomarca.com\/wordpress\/segunda\/video-2-%c2%abno-al-tunel%c2%bb-anuncia-mas-movilizaciones-ante-el-inminente-inicio-de-las-obras-en-el-paso-a-nivel-de-bunol\/","title":{"rendered":"V\u00eddeo 2: \u00abNo al t\u00fanel\u00bb anuncia m\u00e1s movilizaciones ante el inminente inicio de las obras en el paso a nivel de Bu\u00f1ol"},"content":{"rendered":"<p>La asociaci\u00f3n de vecinos \u00abNo al t\u00fanel\u00bb ha anunciado este lunes  durante su rueda de prensa y posterior Asamblea su intenci\u00f3n de  intensificar las movilizaciones contra las obras ante su inminente  inicio en el paso a nivel de Las Ventas de Bu\u00f1ol. Unas declaraciones que has podido seguir en directo a trav\u00e9s de <strong>tucomarca televisi\u00f3n<\/strong>.<\/p>\n","protected":false},"excerpt":{"rendered":"<div class=\"mh-excerpt\">La asociaci\u00f3n de vecinos \u00abNo al t\u00fanel\u00bb ha anunciado este lunes durante su rueda de prensa y posterior Asamblea su intenci\u00f3n de intensificar las movilizaciones contra las obras ante su inminente inicio en el paso <a class=\"mh-excerpt-more\" href=\"https:\/\/www.tucomarca.com\/wordpress\/segunda\/video-2-%c2%abno-al-tunel%c2%bb-anuncia-mas-movilizaciones-ante-el-inminente-inicio-de-las-obras-en-el-paso-a-nivel-de-bunol\/\" title=\"V\u00eddeo 2: \u00abNo al t\u00fanel\u00bb anuncia m\u00e1s movilizaciones ante el inminente inicio de las obras en el paso a nivel de Bu\u00f1ol\">[+] <\/a><\/div>\n","protected":false},"author":1,"featured_media":0,"comment_status":"open","ping_status":"open","sticky":false,"template":"","format":"standard","meta":{"footnotes":""},"categories":[18,128,8,10,3,26],"tags":[],"class_list":{"0":"post-10551","1":"post","2":"type-post","3":"status-publish","4":"format-standard","6":"category-bunol","7":"category-infraestructuras","8":"category-la-comarca","9":"category-la-hoya","10":"category-seccion","11":"category-video"},"_links":{"self":[{"href":"https:\/\/www.tucomarca.com\/wordpress\/segunda\/wp-json\/wp\/v2\/posts\/10551","targetHints":{"allow":["GET"]}}],"collection":[{"href":"https:\/\/www.tucomarca.com\/wordpress\/segunda\/wp-json\/wp\/v2\/posts"}],"about":[{"href":"https:\/\/www.tucomarca.com\/wordpress\/segunda\/wp-json\/wp\/v2\/types\/post"}],"author":[{"embeddable":true,"href":"https:\/\/www.tucomarca.com\/wordpress\/segunda\/wp-json\/wp\/v2\/users\/1"}],"replies":[{"embeddable":true,"href":"https:\/\/www.tucomarca.com\/wordpress\/segunda\/wp-json\/wp\/v2\/comments?post=10551"}],"version-history":[{"count":0,"href":"https:\/\/www.tucomarca.com\/wordpress\/segunda\/wp-json\/wp\/v2\/posts\/10551\/revisions"}],"wp:attachment":[{"href":"https:\/\/www.tucomarca.com\/wordpress\/segunda\/wp-json\/wp\/v2\/media?parent=10551"}],"wp:term":[{"taxonomy":"category","embeddable":true,"href":"https:\/\/www.tucomarca.com\/wordpress\/segunda\/wp-json\/wp\/v2\/categories?post=10551"},{"taxonomy":"post_tag","embeddable":true,"href":"https:\/\/www.tucomarca.com\/wordpress\/segunda\/wp-json\/wp\/v2\/tags?post=10551"}],"curies":[{"name":"wp","href":"https:\/\/api.w.org\/{rel}","templated":true}]}}