{"id":105649,"date":"2020-05-08T22:59:31","date_gmt":"2020-05-08T20:59:31","guid":{"rendered":"http:\/\/www.tucomarca.com\/wordpress\/segunda\/?p=105649"},"modified":"2020-05-08T23:00:47","modified_gmt":"2020-05-08T21:00:47","slug":"el-ministerio-de-sanidad-solo-autoriza-al-area-de-salud-de-requena-utiel-a-entrar-en-la-fase-1-en-el-interior-de-la-provincia-de-valencia","status":"publish","type":"post","link":"https:\/\/www.tucomarca.com\/wordpress\/segunda\/el-ministerio-de-sanidad-solo-autoriza-al-area-de-salud-de-requena-utiel-a-entrar-en-la-fase-1-en-el-interior-de-la-provincia-de-valencia\/","title":{"rendered":"El Ministerio de Sanidad s\u00f3lo autoriza al \u00e1rea de salud de Requena-Utiel a entrar en la Fase 1 en el interior de la provincia de Valencia"},"content":{"rendered":"\n<p>El Ministro de Sanidad, Salvador Illa, ha desvelado este viernes junto al responsable del CCAES, Fernando Sim\u00f3n, las \u00e1reas las Comunidades Aut\u00f3nomas que a partir del lunes 11 de mayo entrar\u00e1n la Fase 1 de la desescalada, entre las que no se encuentra buena parte de las \u00e1reas salud de la Comunidad Valenciana, concretamente la ciudad de Valencia y otras 14 \u00e1reas de salud m\u00e1s.<\/p>\n\n\n\n<p>Concretamente en el interior de la provincia de Valencia, s\u00f3lo el \u00e1rea de Salud de Requena-Utiel (que est\u00e1 integrada adem\u00e1s de por esta citada comarca por la de Ayora-Cofrentes y algunas localices de La Serran\u00eda) podr\u00e1 pasar a la primera de las fases de desescalada, mientras que el resto de \u00e1reas de salud, entre ellas las de Manises, permanecer\u00e1n en la casilla de salida de la fase inicia o fase cero, lo que har\u00e1 que tengan que permanecer dos semanas m\u00e1s con el confinamiento parcial.<\/p>\n\n\n\n<p>El Departamento de Requena cubre la demanda sanitaria de 51.489 personas procedentes de los 18 municipios adscritos de las comarcas de Requena-Utiel y del Valle de Ayora-Cofrentes, adem\u00e1s de otros municipios colindantes de La Hoya de Bu\u00f1ol-Chiva como es Siete Aguas o de Los Serranos, como son Benag\u00e9ber y Chera.<\/p>\n\n\n\n<p>En la Comunidad Valenciana, al de Requena-Utiel tambi\u00e9n se van a sumar los departamentos de salud de Vinar\u00f2s, Gandia, X\u00e0tiva-Ontinyent, Alcoi, D\u00e9nia, la Marina Baixa, Elda Orihuela y Torrevieja llegando en total a ser diez.<\/p>\n\n\n\n<p>En el resto de Espa\u00f1a, s\u00f3lo las Comunidades de Aut\u00f3nomas de Galicia, Asturias, Cantabria, Pa\u00eds Vasco, La Rioja, Navarra, Arag\u00f3n, Extremadura, Murcia, Canarias, Baleares, Ceuta y Melilla pasan a la fase uno. En Castilla-La Mancha avanzan solo Guadalajara y Cuenca. Adem\u00e1s, tambi\u00e9n seis provincias de Andaluc\u00eda (excepto Granada y M\u00e1laga). Tambi\u00e9n tres regiones de Catalu\u00f1a y 26 peque\u00f1as zonas de Castilla y Le\u00f3n se unen a la isla de Formentera, en Baleares, y las canarias de La Graciosa, El Hierro y La Gomera, que ya estaban en la fase 1 desde el lunes 4.<\/p>\n","protected":false},"excerpt":{"rendered":"<div class=\"mh-excerpt\">El Ministro de Sanidad, Salvador Illa, ha desvelado este viernes junto al responsable del CCAES, Fernando Sim\u00f3n, las \u00e1reas las Comunidades Aut\u00f3nomas que a partir del lunes 11 de mayo entrar\u00e1n la Fase 1 de <a class=\"mh-excerpt-more\" href=\"https:\/\/www.tucomarca.com\/wordpress\/segunda\/el-ministerio-de-sanidad-solo-autoriza-al-area-de-salud-de-requena-utiel-a-entrar-en-la-fase-1-en-el-interior-de-la-provincia-de-valencia\/\" title=\"El Ministerio de Sanidad s\u00f3lo autoriza al \u00e1rea de salud de Requena-Utiel a entrar en la Fase 1 en el interior de la provincia de Valencia\">[+] <\/a><\/div>\n","protected":false},"author":1,"featured_media":105655,"comment_status":"open","ping_status":"open","sticky":false,"template":"","format":"standard","meta":{"footnotes":""},"categories":[39,38,141,112,236,119,37,186,138,41,40,139,128,230,231,8,72,111,117,142,28,27,140,3,235,116,232,29,234,45,120,233],"tags":[11937,11938,11951],"class_list":{"0":"post-105649","1":"post","2":"type-post","3":"status-publish","4":"format-standard","5":"has-post-thumbnail","7":"category-ayora","8":"category-ayora-cofrentes","9":"category-benageber","10":"category-campo-arcis","11":"category-camporrobles","12":"category-sanidad-la-comarca","13":"category-caudete","14":"category-chera-los-serranos","15":"category-chera","16":"category-cofrentes","17":"category-cortes-de-pallas","18":"category-fuenterrobles","19":"category-infraestructuras","20":"category-jalance","21":"category-jarafuel","22":"category-la-comarca","23":"category-sin-categorizar","24":"category-las-cuevas","25":"category-medio-ambiente-la-comarca","26":"category-politica-la-comarca","27":"category-requena","28":"category-requena-utiel","29":"category-san-antonio","30":"category-seccion","31":"category-sinarcas","32":"category-sucesos-la-comarca","33":"category-teresa-de-cofrentes","34":"category-utiel","35":"category-venta-del-moro","36":"category-ventana","37":"category-villargordo-del-cabriel","38":"category-zarra","39":"tag-coronavirus","40":"tag-covid-19","41":"tag-covid2019"},"_links":{"self":[{"href":"https:\/\/www.tucomarca.com\/wordpress\/segunda\/wp-json\/wp\/v2\/posts\/105649","targetHints":{"allow":["GET"]}}],"collection":[{"href":"https:\/\/www.tucomarca.com\/wordpress\/segunda\/wp-json\/wp\/v2\/posts"}],"about":[{"href":"https:\/\/www.tucomarca.com\/wordpress\/segunda\/wp-json\/wp\/v2\/types\/post"}],"author":[{"embeddable":true,"href":"https:\/\/www.tucomarca.com\/wordpress\/segunda\/wp-json\/wp\/v2\/users\/1"}],"replies":[{"embeddable":true,"href":"https:\/\/www.tucomarca.com\/wordpress\/segunda\/wp-json\/wp\/v2\/comments?post=105649"}],"version-history":[{"count":0,"href":"https:\/\/www.tucomarca.com\/wordpress\/segunda\/wp-json\/wp\/v2\/posts\/105649\/revisions"}],"wp:featuredmedia":[{"embeddable":true,"href":"https:\/\/www.tucomarca.com\/wordpress\/segunda\/wp-json\/wp\/v2\/media\/105655"}],"wp:attachment":[{"href":"https:\/\/www.tucomarca.com\/wordpress\/segunda\/wp-json\/wp\/v2\/media?parent=105649"}],"wp:term":[{"taxonomy":"category","embeddable":true,"href":"https:\/\/www.tucomarca.com\/wordpress\/segunda\/wp-json\/wp\/v2\/categories?post=105649"},{"taxonomy":"post_tag","embeddable":true,"href":"https:\/\/www.tucomarca.com\/wordpress\/segunda\/wp-json\/wp\/v2\/tags?post=105649"}],"curies":[{"name":"wp","href":"https:\/\/api.w.org\/{rel}","templated":true}]}}