{"id":10600,"date":"2013-01-17T09:45:17","date_gmt":"2013-01-17T08:45:17","guid":{"rendered":"http:\/\/www.tucomarca.com\/wordpress\/segunda\/?p=10600"},"modified":"2013-01-17T09:45:17","modified_gmt":"2013-01-17T08:45:17","slug":"el-bunolense-jose-blasco-es-invitado-a-mostrar-parte-de-su-coleccion-sobre-el-quijote-en-argentina","status":"publish","type":"post","link":"https:\/\/www.tucomarca.com\/wordpress\/segunda\/el-bunolense-jose-blasco-es-invitado-a-mostrar-parte-de-su-coleccion-sobre-el-quijote-en-argentina\/","title":{"rendered":"El bu\u00f1olense Jos\u00e9 Blasco es invitado a mostrar parte de su colecci\u00f3n sobre El Quijote en Argentina"},"content":{"rendered":"<p>Como ya adelant\u00f3 este semanario en su edici\u00f3n impresa, el bu\u00f1olense Jos\u00e9 Blasco, reconocido coleccionista y  amante de todo lo relacionado con El Quijote, de Cervantes, ha sido invitado a participar en el festival anual dedicado al ilustre escritor espa\u00f1ol que acontece en la ciudad argentina de Azul (de 65.000 habitantes y que ha sido nombrada ciudad Cervantina). Los organizadores de este acontecimiento cultural han propuesto a este veterano vecino viajar con parte de su obra, a fin de dar a conocer lo m\u00e1s destacado.<br \/>\nEsta invitaci\u00f3n surge despu\u00e9s del contacto establecido a trav\u00e9s de Internet entre el veterano coleccionista y los responsables de la Casa Ronco, una biblioteca-museo ubicada en la ciudad de Azul \u00abque alberga la colecci\u00f3n m\u00e1s importante de libros de Cervantes fuera de Espa\u00f1a\u00bb, como ha aclarado Jos\u00e9 Blasco.<br \/>\nEl pasado septiembre, el coleccionista bu\u00f1olense se convirti\u00f3 en noticia en la prensa de la citada ciudad al haber intercambiado con la biblioteca obras referidas al andante aventurero. Poco antes, desde Bu\u00f1ol parti\u00f3 rumbo al continente americano una de las \u00faltimas adquisiciones de Blasco, El Quijote en una sola p\u00e1gina; mientras que desde Argentina ha sido remitido un ejemplar de El Quijote editado en 1948 en la Pampa, escrito en verso y del cual se conservan muy pocos ejemplares.<br \/>\nEl contacto iniciado ahora entre ambas partes abre un posible canal de colaboraci\u00f3n y ayuda, por otra parte, a que el nombre de Bu\u00f1ol y el de la comarca se haya dado a conocer en una de las ciudades que m\u00e1s apuesta por el fomento de la obra cervantina y que en noviembre recibe miles de visitas.<\/p>\n","protected":false},"excerpt":{"rendered":"<div class=\"mh-excerpt\">Como ya adelant\u00f3 este semanario en su edici\u00f3n impresa, el bu\u00f1olense Jos\u00e9 Blasco, reconocido coleccionista y amante de todo lo relacionado con El Quijote, de Cervantes, ha sido invitado a participar en el festival anual <a class=\"mh-excerpt-more\" href=\"https:\/\/www.tucomarca.com\/wordpress\/segunda\/el-bunolense-jose-blasco-es-invitado-a-mostrar-parte-de-su-coleccion-sobre-el-quijote-en-argentina\/\" title=\"El bu\u00f1olense Jos\u00e9 Blasco es invitado a mostrar parte de su colecci\u00f3n sobre El Quijote en Argentina\">[+] <\/a><\/div>\n","protected":false},"author":2,"featured_media":0,"comment_status":"open","ping_status":"open","sticky":false,"template":"","format":"standard","meta":{"footnotes":""},"categories":[18,8,10,3],"tags":[597,596,306],"class_list":{"0":"post-10600","1":"post","2":"type-post","3":"status-publish","4":"format-standard","6":"category-bunol","7":"category-la-comarca","8":"category-la-hoya","9":"category-seccion","10":"tag-blasco","11":"tag-jose","12":"tag-quijote"},"_links":{"self":[{"href":"https:\/\/www.tucomarca.com\/wordpress\/segunda\/wp-json\/wp\/v2\/posts\/10600","targetHints":{"allow":["GET"]}}],"collection":[{"href":"https:\/\/www.tucomarca.com\/wordpress\/segunda\/wp-json\/wp\/v2\/posts"}],"about":[{"href":"https:\/\/www.tucomarca.com\/wordpress\/segunda\/wp-json\/wp\/v2\/types\/post"}],"author":[{"embeddable":true,"href":"https:\/\/www.tucomarca.com\/wordpress\/segunda\/wp-json\/wp\/v2\/users\/2"}],"replies":[{"embeddable":true,"href":"https:\/\/www.tucomarca.com\/wordpress\/segunda\/wp-json\/wp\/v2\/comments?post=10600"}],"version-history":[{"count":0,"href":"https:\/\/www.tucomarca.com\/wordpress\/segunda\/wp-json\/wp\/v2\/posts\/10600\/revisions"}],"wp:attachment":[{"href":"https:\/\/www.tucomarca.com\/wordpress\/segunda\/wp-json\/wp\/v2\/media?parent=10600"}],"wp:term":[{"taxonomy":"category","embeddable":true,"href":"https:\/\/www.tucomarca.com\/wordpress\/segunda\/wp-json\/wp\/v2\/categories?post=10600"},{"taxonomy":"post_tag","embeddable":true,"href":"https:\/\/www.tucomarca.com\/wordpress\/segunda\/wp-json\/wp\/v2\/tags?post=10600"}],"curies":[{"name":"wp","href":"https:\/\/api.w.org\/{rel}","templated":true}]}}