{"id":10610,"date":"2013-01-17T10:03:23","date_gmt":"2013-01-17T09:03:23","guid":{"rendered":"http:\/\/www.tucomarca.com\/wordpress\/segunda\/?p=10610"},"modified":"2013-01-17T19:25:35","modified_gmt":"2013-01-17T18:25:35","slug":"el-pp-de-bunol-cambia-una-puerta-del-colegio-san-luis-con-el-sueldo-de-sus-ediles","status":"publish","type":"post","link":"https:\/\/www.tucomarca.com\/wordpress\/segunda\/el-pp-de-bunol-cambia-una-puerta-del-colegio-san-luis-con-el-sueldo-de-sus-ediles\/","title":{"rendered":"El PP de Bu\u00f1ol cambia una puerta del colegio San Luis con el sueldo de sus ediles"},"content":{"rendered":"<p><figure id=\"attachment_10643\" aria-describedby=\"caption-attachment-10643\" style=\"width: 300px\" class=\"wp-caption alignleft\"><a href=\"https:\/\/www.tucomarca.com\/wordpress\/segunda\/?attachment_id=10643\" rel=\"attachment wp-att-10643\"><img loading=\"lazy\" decoding=\"async\" src=\"https:\/\/www.tucomarca.com\/wordpress\/segunda\/wp-content\/uploads\/2013\/01\/39ec3d2ceb0b09b54746ca4f1537aa45-300x223.jpg\" alt=\"Puerta del Colegio P\u00fablico San Luis sufragada por el Partido Popular.\" title=\"39ec3d2ceb0b09b54746ca4f1537aa45\" width=\"300\" height=\"223\" class=\"size-medium wp-image-10643\" srcset=\"https:\/\/www.tucomarca.com\/wordpress\/segunda\/wp-content\/uploads\/2013\/01\/39ec3d2ceb0b09b54746ca4f1537aa45-300x223.jpg 300w, https:\/\/www.tucomarca.com\/wordpress\/segunda\/wp-content\/uploads\/2013\/01\/39ec3d2ceb0b09b54746ca4f1537aa45.jpg 800w\" sizes=\"auto, (max-width: 300px) 100vw, 300px\" \/><\/a><figcaption id=\"caption-attachment-10643\" class=\"wp-caption-text\">Puerta del Colegio P\u00fablico San Luis sufragada por el Partido Popular.<\/figcaption><\/figure>Dando continuidad a la iniciativa de donar el sueldo que perciben sus ediles en el plenario bu\u00f1olense para ser destinado a la resoluci\u00f3n de problemas de entidades locales, el Partido Popular de Bu\u00f1ol ha destinado 3.800 euros acumulados durante los \u00faltimos meses para la sustituci\u00f3n de una de las puertas de acceso al Colegio P\u00fablico San Luis, tal como les adelant\u00f3 este peri\u00f3dico en su edici\u00f3n impresa.<br \/>\nEsta cantidad ha servido para costear tanto la  nueva puerta corrediza de emergencia del centro escolar como para sufragar los gastos de alba\u00f1iler\u00eda derivados de su colocaci\u00f3n en el citado centro educativo.<br \/>\nDesde el PP se ha agradecido el esfuerzo realizado por los integrantes del Ampa del colegio, \u00abquienes han tenido que hacer frente a las trabas puesta por la edil de Educaci\u00f3n del consistorio, Giovanna Navarro (PSOE), quien no estaba por la labor de que el PP ejecutara este trabajo con el que se busca ayudar a la mejora de las instalaciones utilizadas por cientos de alumnos de la localidad\u00bb, seg\u00fan han dicho.<br \/>\nEsta actuaci\u00f3n se une a otras desarrolladas por los populares durante el primer a\u00f1o de legislatura \u00aby que han sido realmente bien acogidas por los colectivos sociales y entidades como la donaci\u00f3n de material deportivo, sanitario y de un desfibrilador al CD Bu\u00f1ol; de material contra incendios a Protecci\u00f3n Civil; o de alimentos a C\u00e1ritas para los m\u00e1s necesitados\u00bb.<\/p>\n","protected":false},"excerpt":{"rendered":"<div class=\"mh-excerpt\">Dando continuidad a la iniciativa de donar el sueldo que perciben sus ediles en el plenario bu\u00f1olense para ser destinado a la resoluci\u00f3n de problemas de entidades locales, el Partido Popular de Bu\u00f1ol ha destinado <a class=\"mh-excerpt-more\" href=\"https:\/\/www.tucomarca.com\/wordpress\/segunda\/el-pp-de-bunol-cambia-una-puerta-del-colegio-san-luis-con-el-sueldo-de-sus-ediles\/\" title=\"El PP de Bu\u00f1ol cambia una puerta del colegio San Luis con el sueldo de sus ediles\">[+] <\/a><\/div>\n","protected":false},"author":2,"featured_media":10643,"comment_status":"open","ping_status":"open","sticky":false,"template":"","format":"standard","meta":{"footnotes":""},"categories":[18,8,10,3,45],"tags":[10385,63,600],"class_list":{"0":"post-10610","1":"post","2":"type-post","3":"status-publish","4":"format-standard","5":"has-post-thumbnail","7":"category-bunol","8":"category-la-comarca","9":"category-la-hoya","10":"category-seccion","11":"category-ventana","12":"tag-bunol","13":"tag-pp","14":"tag-san-luis"},"_links":{"self":[{"href":"https:\/\/www.tucomarca.com\/wordpress\/segunda\/wp-json\/wp\/v2\/posts\/10610","targetHints":{"allow":["GET"]}}],"collection":[{"href":"https:\/\/www.tucomarca.com\/wordpress\/segunda\/wp-json\/wp\/v2\/posts"}],"about":[{"href":"https:\/\/www.tucomarca.com\/wordpress\/segunda\/wp-json\/wp\/v2\/types\/post"}],"author":[{"embeddable":true,"href":"https:\/\/www.tucomarca.com\/wordpress\/segunda\/wp-json\/wp\/v2\/users\/2"}],"replies":[{"embeddable":true,"href":"https:\/\/www.tucomarca.com\/wordpress\/segunda\/wp-json\/wp\/v2\/comments?post=10610"}],"version-history":[{"count":0,"href":"https:\/\/www.tucomarca.com\/wordpress\/segunda\/wp-json\/wp\/v2\/posts\/10610\/revisions"}],"wp:featuredmedia":[{"embeddable":true,"href":"https:\/\/www.tucomarca.com\/wordpress\/segunda\/wp-json\/wp\/v2\/media\/10643"}],"wp:attachment":[{"href":"https:\/\/www.tucomarca.com\/wordpress\/segunda\/wp-json\/wp\/v2\/media?parent=10610"}],"wp:term":[{"taxonomy":"category","embeddable":true,"href":"https:\/\/www.tucomarca.com\/wordpress\/segunda\/wp-json\/wp\/v2\/categories?post=10610"},{"taxonomy":"post_tag","embeddable":true,"href":"https:\/\/www.tucomarca.com\/wordpress\/segunda\/wp-json\/wp\/v2\/tags?post=10610"}],"curies":[{"name":"wp","href":"https:\/\/api.w.org\/{rel}","templated":true}]}}