{"id":106125,"date":"2020-05-14T13:38:32","date_gmt":"2020-05-14T11:38:32","guid":{"rendered":"http:\/\/www.tucomarca.com\/wordpress\/segunda\/?p=106125"},"modified":"2020-05-14T13:38:35","modified_gmt":"2020-05-14T11:38:35","slug":"riba-roja-crea-un-registro-municipal-de-los-programas-urbanisticos-que-permitira-a-los-vecinos-consultarlos-a-traves-de-internet","status":"publish","type":"post","link":"https:\/\/www.tucomarca.com\/wordpress\/segunda\/riba-roja-crea-un-registro-municipal-de-los-programas-urbanisticos-que-permitira-a-los-vecinos-consultarlos-a-traves-de-internet\/","title":{"rendered":"Riba-roja crea un registro municipal de los programas urban\u00edsticos que permitir\u00e1 a los vecinos consultarlos a trav\u00e9s de Internet"},"content":{"rendered":"\n<p><strong>Tendr\u00e1 car\u00e1cter informativo sobre los aspectos principales de cada programa<\/strong><\/p>\n\n\n\n<p>El pleno del Ayuntamiento de Riba-roja de T\u00faria ha aprobado la creaci\u00f3n de un registro municipal que contendr\u00e1 la informaci\u00f3n concreta de los programas de actuaci\u00f3n integrada (PAI), las agrupaciones de inter\u00e9s urban\u00edstico y las entidades urban\u00edsticas colaboradoras existentes actualmente en el t\u00e9rmino municipal y que permitir\u00e1 a los vecinos consultarlos a trav\u00e9s de Internet.&nbsp;<\/p>\n\n\n\n<p>La propuesta del equipo de gobierno del PSPV de Riba-roja, al amparo de la normativa urban\u00edstica vigente, ha contado con el respaldo un\u00e1nime del resto de los grupos municipales: Partido Popular, Ciudadanos, Comprom\u00eds, Esquerra Unida, Podemos y Vox. &nbsp;<\/p>\n\n\n\n<p>La inclusi\u00f3n de estas figuras urban\u00edsticas, cuyas caracter\u00edsticas, objetivos y funciones son distintas seg\u00fan la tramitaci\u00f3n que se lleva a cabo en cada zona de Riba-roja de T\u00faria, ser\u00e1 un requisito previo y obligatorio al propio procedimiento administrativo ya que se quiere dotar de publicidad todos los programas aprobados en el t\u00e9rmino municipal y, de esta forma, aumentar la transparencia jur\u00eddica.&nbsp; &nbsp;<\/p>\n\n\n\n<p>El registro tendr\u00e1 un car\u00e1cter p\u00fablico de inter\u00e9s informativo sobre todos los planes urban\u00edsticos aprobados en el t\u00e9rmino municipal que estar\u00e1 disponible en soporte digital y que se plasmar\u00e1 en una base de datos a la que se podr\u00e1 acceder libremente mediante la web municipal, con una ficha descriptiva de las actuaciones y gestiones llevadas a cabo en cada una de estas figuras urban\u00edsticas.&nbsp;<\/p>\n\n\n\n<p>Entre la informaci\u00f3n que contendr\u00e1 cada una de las fichas de estas figuras urban\u00edsticas cabe se\u00f1alar el agente urbanizador, el r\u00e9gimen de gesti\u00f3n, la fecha de aprobaci\u00f3n, el importe de las cargas totales de la actuaci\u00f3n, el importe de las garant\u00edas provisionales y definitivas, su fecha de inscripci\u00f3n en el registro de la propiedad, el acuerdo de aprobaci\u00f3n de la cuenta de liquidaci\u00f3n de la reparcelaci\u00f3n, el acta de replanteo de las obras de urbanizaci\u00f3n, la fecha de recepci\u00f3n de las obras de urbanizaci\u00f3n o el acuerdo de resoluci\u00f3n de la adjudicaci\u00f3n o la caducidad del mismo.&nbsp;<\/p>\n\n\n\n<p>El registro de Riba-roja de T\u00faria entra en funcionamiento desde el mismo acuerdo de creaci\u00f3n del mismo, si bien su puesta a disposici\u00f3n de los usuarios de Internet ser\u00e1 efectivo en funci\u00f3n de los plazos de ejecuci\u00f3n de la oficina de sistemas de informaci\u00f3n y de comunicaci\u00f3n, bajo la competencia del ayuntamiento al amparo del art\u00edculo 169 de la ley de ordenaci\u00f3n del territorio, urbanismo y paisaje (Lotup).&nbsp;<\/p>\n\n\n\n<p>El funcionamiento y la ordenaci\u00f3n interna de este registro urban\u00edstico en Riba-roja estar\u00e1 gestionado y actualizado regularmente a trav\u00e9s del personal t\u00e9cnico del \u00e1rea de Gesti\u00f3n Urban\u00edstica del Departamento de Urbanismo. La creaci\u00f3n de este registro tiene car\u00e1cter obligatorio ya que en \u00e9l se incluir\u00e1n todos los programas vigentes, tanto los que ya se han aprobado como los que se validar\u00e1n en un futuro.&nbsp;<\/p>\n\n\n\n<p>El registro de los programas de actuaci\u00f3n, las agrupaciones de inter\u00e9s urban\u00edstico y las entidades urban\u00edsticas colaboradoras tendr\u00e1 una visi\u00f3n est\u00e1tica desde el punto de vista administrativo ya que su contenido y la informaci\u00f3n adjunta de las fichas se actualizar\u00e1 en todo momento, en funci\u00f3n de las caracter\u00edsticas y las necesidades de cada figura urban\u00edstica adoptada en el t\u00e9rmino municipal de Riba-roja de T\u00faria.&nbsp;<\/p>\n\n\n\n<p>El alcalde de Riba-roja de T\u00faria, Robert Raga, ha manifestado que este instrumento municipal \u201caumenta m\u00e1s si cabe el compromiso que desde un primer momento ha llevado a cabo este equipo de gobierno en t\u00e9rminos de participaci\u00f3n y transparencia de los vecinos en la gesti\u00f3n de los recursos municipales y m\u00e1s teniendo en cuenta los numerosos planes urban\u00edsticos que est\u00e1n todav\u00eda pendientes de finalizar y resolver ya que en su momento no se hizo\u201d.<\/p>\n","protected":false},"excerpt":{"rendered":"<div class=\"mh-excerpt\">Tendr\u00e1 car\u00e1cter informativo sobre los aspectos principales de cada programa El pleno del Ayuntamiento de Riba-roja de T\u00faria ha aprobado la creaci\u00f3n de un registro municipal que contendr\u00e1 la informaci\u00f3n concreta de los programas de <a class=\"mh-excerpt-more\" href=\"https:\/\/www.tucomarca.com\/wordpress\/segunda\/riba-roja-crea-un-registro-municipal-de-los-programas-urbanisticos-que-permitira-a-los-vecinos-consultarlos-a-traves-de-internet\/\" title=\"Riba-roja crea un registro municipal de los programas urban\u00edsticos que permitir\u00e1 a los vecinos consultarlos a trav\u00e9s de Internet\">[+] <\/a><\/div>\n","protected":false},"author":12,"featured_media":106131,"comment_status":"open","ping_status":"open","sticky":false,"template":"","format":"standard","meta":{"footnotes":""},"categories":[46,119,128,8,117,142,182,3,116],"tags":[10631,10395,11937,11938],"class_list":{"0":"post-106125","1":"post","2":"type-post","3":"status-publish","4":"format-standard","5":"has-post-thumbnail","7":"category-camp-de-turia","8":"category-sanidad-la-comarca","9":"category-infraestructuras","10":"category-la-comarca","11":"category-medio-ambiente-la-comarca","12":"category-politica-la-comarca","13":"category-riba-roja","14":"category-seccion","15":"category-sucesos-la-comarca","16":"tag-ajuntament-de-riba-roja","17":"tag-camp-de-turia","18":"tag-coronavirus","19":"tag-covid-19"},"_links":{"self":[{"href":"https:\/\/www.tucomarca.com\/wordpress\/segunda\/wp-json\/wp\/v2\/posts\/106125","targetHints":{"allow":["GET"]}}],"collection":[{"href":"https:\/\/www.tucomarca.com\/wordpress\/segunda\/wp-json\/wp\/v2\/posts"}],"about":[{"href":"https:\/\/www.tucomarca.com\/wordpress\/segunda\/wp-json\/wp\/v2\/types\/post"}],"author":[{"embeddable":true,"href":"https:\/\/www.tucomarca.com\/wordpress\/segunda\/wp-json\/wp\/v2\/users\/12"}],"replies":[{"embeddable":true,"href":"https:\/\/www.tucomarca.com\/wordpress\/segunda\/wp-json\/wp\/v2\/comments?post=106125"}],"version-history":[{"count":0,"href":"https:\/\/www.tucomarca.com\/wordpress\/segunda\/wp-json\/wp\/v2\/posts\/106125\/revisions"}],"wp:featuredmedia":[{"embeddable":true,"href":"https:\/\/www.tucomarca.com\/wordpress\/segunda\/wp-json\/wp\/v2\/media\/106131"}],"wp:attachment":[{"href":"https:\/\/www.tucomarca.com\/wordpress\/segunda\/wp-json\/wp\/v2\/media?parent=106125"}],"wp:term":[{"taxonomy":"category","embeddable":true,"href":"https:\/\/www.tucomarca.com\/wordpress\/segunda\/wp-json\/wp\/v2\/categories?post=106125"},{"taxonomy":"post_tag","embeddable":true,"href":"https:\/\/www.tucomarca.com\/wordpress\/segunda\/wp-json\/wp\/v2\/tags?post=106125"}],"curies":[{"name":"wp","href":"https:\/\/api.w.org\/{rel}","templated":true}]}}