{"id":106393,"date":"2020-05-15T19:55:25","date_gmt":"2020-05-15T17:55:25","guid":{"rendered":"http:\/\/www.tucomarca.com\/wordpress\/segunda\/?p=106393"},"modified":"2020-05-15T22:12:56","modified_gmt":"2020-05-15T20:12:56","slug":"el-alcalde-de-riba-roja-pide-al-ministerio-de-sanidad-claridad-en-los-criterios-de-desescalada-para-que-la-comunitat-valenciana-pase-a-la-fase-1","status":"publish","type":"post","link":"https:\/\/www.tucomarca.com\/wordpress\/segunda\/el-alcalde-de-riba-roja-pide-al-ministerio-de-sanidad-claridad-en-los-criterios-de-desescalada-para-que-la-comunitat-valenciana-pase-a-la-fase-1\/","title":{"rendered":"El alcalde de Riba-roja pide al Ministerio de Sanidad \u201cclaridad\u201d en los criterios de desescalada para que la Comunitat Valenciana pase a la fase 1"},"content":{"rendered":"\n<p><strong>Reivindica la buena gesti\u00f3n de la Generalitat en materia sanitaria y la labor de los profesionales de la Sanidad<\/strong><\/p>\n\n\n\n<p>El alcalde de Riba-roja de T\u00faria, Robert Raga, ha avalado la buena gesti\u00f3n llevada a cabo por la Conselleria de Sanitat en las pol\u00edticas de lucha contra la pandemia del coronavirus que han permitido reducir al m\u00ednimo el n\u00famero de fallecidos y contagiados durante las \u00faltimas semanas. Adem\u00e1s, ha destacado \u201cla labor encomiable de los profesionales de la sanidad\u201d y ha considerado que al final se impondr\u00e1 el entendimiento entre el Ministerio de Sanidad y la Generalitat de cara al cambio de fases. &nbsp;<\/p>\n\n\n\n<p>Precisamente, Raga ha subrayado el trabajo de las diversas administraciones municipales y auton\u00f3micas para preparar a la sociedad civil en las diversas fases de la desescalada preparada por el Gobierno de Espa\u00f1a con una atenci\u00f3n especial por priorizar la salud y el bienestar de los ciudadanos, pero con la mirada puesta en la fase 1 que permite la apertura de buena parte del tejido comercial y de aut\u00f3nomos en los municipios.&nbsp;<\/p>\n\n\n\n<p>\u201cRiba-roja est\u00e1 insertada en un \u00e1rea que abarca m\u00e1s de 800 empresas en nuestros pol\u00edgonos, m\u00e1s de 17.000 trabajadores que operan en ellas y m\u00e1s de 150 aut\u00f3nomos y comercios dedicados al sector de la restauraci\u00f3n que se han preparado durante los \u00faltimos d\u00edas para empezar a funcionar bajo estrictas normas de acceso y atenci\u00f3n de sus potenciales clientes y, por ello, se debe tener en cuenta estas circunstancias\u201d, ha afirmado el alcalde de Riba-roja. &nbsp; &nbsp;<\/p>\n\n\n\n<p>Robert Raga ha solicitado, por ello, al Ministerio de Sanidad \u201clos mismos criterios para todos los territorios de Espa\u00f1a de forma que todos puedan optar con las mismas condiciones teniendo en cuenta siempre la seguridad sanitaria por encima de todo, pero dejando que el tejido empresarial y los comercios se puedan desarrollar bajo este prisma, ya que las cifras ofrecidas por el president Ximo Puig y la Subdirectora General de Epidemiolog\u00eda, Herme Vanaclocha, fueron contundentes\u201d.&nbsp;<\/p>\n\n\n\n<p>El alcalde de Riba-roja de T\u00faria ha ensalzado \u201cel enorme esfuerzo\u201d realizado desde el inicio del Estado de Alarma por la crisis de la pandemia por los empleados municipales, por las personas voluntarias que se han ayudado en la confecci\u00f3n de material para evitar contagios o en los propios agricultores que han puesto a disposici\u00f3n del pueblo sus veh\u00edculos para la desinfecci\u00f3n de nuestras calles y espacios p\u00fablicos, sin olvidar a todas las personas que, de una u otra manera, han querido poner su peque\u00f1o granito de arena con su solidaridad\u201d.<\/p>\n\n\n\n<p>Por ello, el alcalde de Riba-roja de T\u00faria conf\u00eda en que el Ministerio de Sanidad permitir\u00e1 que la Comunitat Valenciana pase a la Fase 1 el pr\u00f3ximo lunes 18 de mayo \u201cpara continuar con la desescalada que nos permita encarar con esperanza el futuro, ya que es muy importante para nuestra econom\u00eda el inicio de las actividades de nuestros comercios y aut\u00f3nomos, importantes en nuestro tejido econ\u00f3mico, pero siempre anteponiendo la salud de las personas\u201d.&nbsp; &nbsp;<br><\/p>\n","protected":false},"excerpt":{"rendered":"<div class=\"mh-excerpt\">Reivindica la buena gesti\u00f3n de la Generalitat en materia sanitaria y la labor de los profesionales de la Sanidad El alcalde de Riba-roja de T\u00faria, Robert Raga, ha avalado la buena gesti\u00f3n llevada a cabo <a class=\"mh-excerpt-more\" href=\"https:\/\/www.tucomarca.com\/wordpress\/segunda\/el-alcalde-de-riba-roja-pide-al-ministerio-de-sanidad-claridad-en-los-criterios-de-desescalada-para-que-la-comunitat-valenciana-pase-a-la-fase-1\/\" title=\"El alcalde de Riba-roja pide al Ministerio de Sanidad \u201cclaridad\u201d en los criterios de desescalada para que la Comunitat Valenciana pase a la fase 1\">[+] <\/a><\/div>\n","protected":false},"author":12,"featured_media":105269,"comment_status":"open","ping_status":"open","sticky":false,"template":"","format":"standard","meta":{"footnotes":""},"categories":[46,119,128,8,117,142,182,3,116],"tags":[10631,10395,11937,11938,12055],"class_list":{"0":"post-106393","1":"post","2":"type-post","3":"status-publish","4":"format-standard","5":"has-post-thumbnail","7":"category-camp-de-turia","8":"category-sanidad-la-comarca","9":"category-infraestructuras","10":"category-la-comarca","11":"category-medio-ambiente-la-comarca","12":"category-politica-la-comarca","13":"category-riba-roja","14":"category-seccion","15":"category-sucesos-la-comarca","16":"tag-ajuntament-de-riba-roja","17":"tag-camp-de-turia","18":"tag-coronavirus","19":"tag-covid-19","20":"tag-fase-1"},"_links":{"self":[{"href":"https:\/\/www.tucomarca.com\/wordpress\/segunda\/wp-json\/wp\/v2\/posts\/106393","targetHints":{"allow":["GET"]}}],"collection":[{"href":"https:\/\/www.tucomarca.com\/wordpress\/segunda\/wp-json\/wp\/v2\/posts"}],"about":[{"href":"https:\/\/www.tucomarca.com\/wordpress\/segunda\/wp-json\/wp\/v2\/types\/post"}],"author":[{"embeddable":true,"href":"https:\/\/www.tucomarca.com\/wordpress\/segunda\/wp-json\/wp\/v2\/users\/12"}],"replies":[{"embeddable":true,"href":"https:\/\/www.tucomarca.com\/wordpress\/segunda\/wp-json\/wp\/v2\/comments?post=106393"}],"version-history":[{"count":0,"href":"https:\/\/www.tucomarca.com\/wordpress\/segunda\/wp-json\/wp\/v2\/posts\/106393\/revisions"}],"wp:featuredmedia":[{"embeddable":true,"href":"https:\/\/www.tucomarca.com\/wordpress\/segunda\/wp-json\/wp\/v2\/media\/105269"}],"wp:attachment":[{"href":"https:\/\/www.tucomarca.com\/wordpress\/segunda\/wp-json\/wp\/v2\/media?parent=106393"}],"wp:term":[{"taxonomy":"category","embeddable":true,"href":"https:\/\/www.tucomarca.com\/wordpress\/segunda\/wp-json\/wp\/v2\/categories?post=106393"},{"taxonomy":"post_tag","embeddable":true,"href":"https:\/\/www.tucomarca.com\/wordpress\/segunda\/wp-json\/wp\/v2\/tags?post=106393"}],"curies":[{"name":"wp","href":"https:\/\/api.w.org\/{rel}","templated":true}]}}