{"id":106488,"date":"2020-05-18T23:00:39","date_gmt":"2020-05-18T21:00:39","guid":{"rendered":"http:\/\/www.tucomarca.com\/wordpress\/segunda\/?p=106488"},"modified":"2020-05-18T23:01:30","modified_gmt":"2020-05-18T21:01:30","slug":"egevasa-reabre-su-oficina-en-requena","status":"publish","type":"post","link":"https:\/\/www.tucomarca.com\/wordpress\/segunda\/egevasa-reabre-su-oficina-en-requena\/","title":{"rendered":"Egevasa reabre su oficina en Requena"},"content":{"rendered":"\n<p><strong>Lo hace en su horario habitual, y con todas las medidas de seguridad pertinentes. Adem\u00e1s, Egevasa sigue manteniendo y reforzando los canales de atenci\u00f3n no presencial disponibles<\/strong><\/p>\n\n\n\n<p>La empresa Egevasa, en calidad de concesionaria del servicio de agua potable y alcantarillado del municipio de Requena, ha informado mediante un comunicado de que atendiendo al plan de desescalada dictado por el Gobierno, este lunes 18 de mayo ha reabierto en su horario habitual la oficina de atenci\u00f3n presencial a los clientes de su localidad, con todas las medidas de seguridad dictadas por la autoridad competente, como son la limitaci\u00f3n de aforo, distancias de separaci\u00f3n e higiene necesarias, para garantizar as\u00ed la seguridad de los trabajadores y clientes.<\/p>\n\n\n\n<p>Adem\u00e1s, EGEVASA recuerda en su comunicado que sigue manteniendo y reforzando los canales de atenci\u00f3n no presencial disponibles (tel\u00e9fonos comerciales y de aver\u00edas, p\u00e1gina web y oficina virtual), as\u00ed como la posibilidad de solicitar cita previa para poder ser atendidos.<\/p>\n\n\n\n<p>Para ello podr\u00e1n hacerlo a trav\u00e9s de los siguientes canales disponibles:<\/p>\n\n\n\n<p>-ATENCI\u00d3N AL CLIENTE: 96 386 05 55.<\/p>\n\n\n\n<p>Horario: De Lunes a Viernes de 08:00 a 20:00 horas excepto festivos.<\/p>\n\n\n\n<p>-SERVICIO DE AVER\u00cdAS 24 HORAS: 96 362 01 19.<\/p>\n\n\n\n<p>-WEB:<\/p>\n\n\n\n<p><a href=\"http:\/\/www.egevasa.es\/\">www.egevasa.es<\/a><br><\/p>\n","protected":false},"excerpt":{"rendered":"<div class=\"mh-excerpt\">Lo hace en su horario habitual, y con todas las medidas de seguridad pertinentes. Adem\u00e1s, Egevasa sigue manteniendo y reforzando los canales de atenci\u00f3n no presencial disponibles La empresa Egevasa, en calidad de concesionaria del <a class=\"mh-excerpt-more\" href=\"https:\/\/www.tucomarca.com\/wordpress\/segunda\/egevasa-reabre-su-oficina-en-requena\/\" title=\"Egevasa reabre su oficina en Requena\">[+] <\/a><\/div>\n","protected":false},"author":12,"featured_media":106490,"comment_status":"open","ping_status":"open","sticky":false,"template":"","format":"standard","meta":{"footnotes":""},"categories":[119,128,8,142,28,27,3,116],"tags":[2907,11937,11938,11951,4326,10388],"class_list":{"0":"post-106488","1":"post","2":"type-post","3":"status-publish","4":"format-standard","5":"has-post-thumbnail","7":"category-sanidad-la-comarca","8":"category-infraestructuras","9":"category-la-comarca","10":"category-politica-la-comarca","11":"category-requena","12":"category-requena-utiel","13":"category-seccion","14":"category-sucesos-la-comarca","15":"tag-comarca-requena-utiel","16":"tag-coronavirus","17":"tag-covid-19","18":"tag-covid2019","19":"tag-egevasa","20":"tag-requena"},"_links":{"self":[{"href":"https:\/\/www.tucomarca.com\/wordpress\/segunda\/wp-json\/wp\/v2\/posts\/106488","targetHints":{"allow":["GET"]}}],"collection":[{"href":"https:\/\/www.tucomarca.com\/wordpress\/segunda\/wp-json\/wp\/v2\/posts"}],"about":[{"href":"https:\/\/www.tucomarca.com\/wordpress\/segunda\/wp-json\/wp\/v2\/types\/post"}],"author":[{"embeddable":true,"href":"https:\/\/www.tucomarca.com\/wordpress\/segunda\/wp-json\/wp\/v2\/users\/12"}],"replies":[{"embeddable":true,"href":"https:\/\/www.tucomarca.com\/wordpress\/segunda\/wp-json\/wp\/v2\/comments?post=106488"}],"version-history":[{"count":0,"href":"https:\/\/www.tucomarca.com\/wordpress\/segunda\/wp-json\/wp\/v2\/posts\/106488\/revisions"}],"wp:featuredmedia":[{"embeddable":true,"href":"https:\/\/www.tucomarca.com\/wordpress\/segunda\/wp-json\/wp\/v2\/media\/106490"}],"wp:attachment":[{"href":"https:\/\/www.tucomarca.com\/wordpress\/segunda\/wp-json\/wp\/v2\/media?parent=106488"}],"wp:term":[{"taxonomy":"category","embeddable":true,"href":"https:\/\/www.tucomarca.com\/wordpress\/segunda\/wp-json\/wp\/v2\/categories?post=106488"},{"taxonomy":"post_tag","embeddable":true,"href":"https:\/\/www.tucomarca.com\/wordpress\/segunda\/wp-json\/wp\/v2\/tags?post=106488"}],"curies":[{"name":"wp","href":"https:\/\/api.w.org\/{rel}","templated":true}]}}