{"id":106517,"date":"2020-05-19T19:38:47","date_gmt":"2020-05-19T17:38:47","guid":{"rendered":"http:\/\/www.tucomarca.com\/wordpress\/segunda\/?p=106517"},"modified":"2020-05-19T19:38:50","modified_gmt":"2020-05-19T17:38:50","slug":"riba-roja-de-turia-cierra-el-presupuesto-de-2019-con-un-superavit-de-19-millones-de-euros-y-deja-en-cero-la-deuda-municipal","status":"publish","type":"post","link":"https:\/\/www.tucomarca.com\/wordpress\/segunda\/riba-roja-de-turia-cierra-el-presupuesto-de-2019-con-un-superavit-de-19-millones-de-euros-y-deja-en-cero-la-deuda-municipal\/","title":{"rendered":"Riba-roja de T\u00faria cierra el presupuesto de 2019 con un super\u00e1vit de 1\u20199 millones de euros y deja en cero la deuda municipal"},"content":{"rendered":"\n<p><strong>El equipo de gobierno da cuenta al pleno de la liquidaci\u00f3n presupuestaria<\/strong><\/p>\n\n\n\n<p>El Ayuntamiento de Riba-roja de T\u00faria ha dado cuenta de la liquidaci\u00f3n del presupuesto econ\u00f3mico correspondiente al a\u00f1o pasado 2019 con un super\u00e1vit global de 1\u20199 millones de euros que permite continuar la senda de los a\u00f1os precedentes. El gobierno municipal ha dado a conocer, adem\u00e1s, las cuentas de las arcas p\u00fablicas que se completan con una deuda fijada actualmente en 0 euros. &nbsp;<\/p>\n\n\n\n<p>El presupuesto econ\u00f3mico del pasado a\u00f1o 2019 ha supuesto unos ingresos ordinarios que alcanzaron los 29\u20196 millones de euros frente a los 33\u20197 millones de euros correspondientes a los gastos municipales, de forma que el super\u00e1vit se cerr\u00f3 con un total de 1\u20199 millones de euros \u2013tras los ajustes econ\u00f3micos por valor de 6 millones- y permite afrontar con mayores garant\u00edas el futuro econ\u00f3mico del ayuntamiento. &nbsp;<\/p>\n\n\n\n<p>El remanente econ\u00f3mico que ha logrado el Ayuntamiento de Riba-roja de T\u00faria en los \u00faltimos a\u00f1os se ha situado actualmente en un total de 4\u20191 millones de euros, basado en la gesti\u00f3n llevada a cabo por el actual equipo de gobierno en los ejercicios presupuestarios precedentes. Con estos n\u00fameros, el consistorio deja su actual deuda municipal en cero euros.&nbsp;<\/p>\n\n\n\n<p>El remanente de tesorer\u00eda no tiene car\u00e1cter anual \u2013a diferencia del presupuesto econ\u00f3mico- sino que es el reflejo del d\u00e9ficit o super\u00e1vit que se ha ido acumulando a lo largo de los ejercicios precedentes y cuya suma pasa de un ejercicio a otro en funci\u00f3n de los d\u00e9ficits o super\u00e1vits que se van produciendo en los presupuestos econ\u00f3micos. Por tanto, el importe acumulado de Riba-roja alcanza los citados 4\u20191 millones de euros.&nbsp;<\/p>\n\n\n\n<p>La liquidaci\u00f3n positiva del ejercicio de 2019 fijada en 1\u20199 millones se a\u00f1ade a las que se han determinado en los ejercicios precedentes, ya que en el 2016 alcanz\u00f3 los 2\u20191 millones, otros 1\u20195 millones en el presupuesto de 2017 y, finalmente, los 3\u20191 millones de euros en a\u00f1o 2017. Estas cifras permiten encarar con una mayor eficacia los pr\u00f3ximos meses en el consistorio para soportar las inversiones que se desarrollar\u00e1n en determinadas \u00e1reas municipales acuciadas por la crisis sanitaria y econ\u00f3mica.&nbsp;<\/p>\n\n\n\n<p>Gracias a estas cifras econ\u00f3micas, el equipo de gobierno de Riba-roja de T\u00faria ha podido aprobar ayudas por valor de 670.000 euros enfocadas a los comercios, los aut\u00f3nomos y las microempresas afectadas por el Estado de Alarma \u2013en consenso entre el gobierno municipal y todos los partidos de la oposici\u00f3n- con hasta 2.000 euros directos para cada uno de los solicitantes en funci\u00f3n de las caracter\u00edsticas de los mismos.&nbsp;<\/p>\n\n\n\n<p>Paralelamente, el equipo de gobierno de Riba-roja de T\u00faria ha ofrecido un pacto global y consensuado al resto de formaciones pol\u00edticas con representaci\u00f3n en el pleno municipal para la modificaci\u00f3n de las partidas presupuestarias del presente ejercicio tras las consecuencias derivadas por el decreto del Estado de Alarma a causa del coronavirus, en el que ser\u00e1n imprescindibles fortalecer tres grandes pilares de trabajo: Servicios Sociales y Mayores, Econom\u00eda y Empleo y Formaci\u00f3n. El objetivo es dotar a estas \u00e1reas de mayores recursos econ\u00f3micos.<\/p>\n\n\n\n<p>El concejal de Hacienda, Jos\u00e9 \u00c1ngel Hern\u00e1ndez, ha manifestado que los datos de la liquidaci\u00f3n \u201cson muy positivos para nuestro municipio ya que nos permite afrontar con mayor optimismo las medidas que hemos adoptado para ayudar a los diferentes sectores econ\u00f3micos de la localidad y continuar, de esta forma, con nuestra gesti\u00f3n para que ninguna persona se quede sin el apoyo y la ayuda de la administraci\u00f3n local\u201d.<\/p>\n","protected":false},"excerpt":{"rendered":"<div class=\"mh-excerpt\">El equipo de gobierno da cuenta al pleno de la liquidaci\u00f3n presupuestaria El Ayuntamiento de Riba-roja de T\u00faria ha dado cuenta de la liquidaci\u00f3n del presupuesto econ\u00f3mico correspondiente al a\u00f1o pasado 2019 con un super\u00e1vit <a class=\"mh-excerpt-more\" href=\"https:\/\/www.tucomarca.com\/wordpress\/segunda\/riba-roja-de-turia-cierra-el-presupuesto-de-2019-con-un-superavit-de-19-millones-de-euros-y-deja-en-cero-la-deuda-municipal\/\" title=\"Riba-roja de T\u00faria cierra el presupuesto de 2019 con un super\u00e1vit de 1\u20199 millones de euros y deja en cero la deuda municipal\">[+] <\/a><\/div>\n","protected":false},"author":12,"featured_media":106519,"comment_status":"open","ping_status":"open","sticky":false,"template":"","format":"standard","meta":{"footnotes":""},"categories":[46,119,128,8,142,182,3,116],"tags":[10631,10395],"class_list":{"0":"post-106517","1":"post","2":"type-post","3":"status-publish","4":"format-standard","5":"has-post-thumbnail","7":"category-camp-de-turia","8":"category-sanidad-la-comarca","9":"category-infraestructuras","10":"category-la-comarca","11":"category-politica-la-comarca","12":"category-riba-roja","13":"category-seccion","14":"category-sucesos-la-comarca","15":"tag-ajuntament-de-riba-roja","16":"tag-camp-de-turia"},"_links":{"self":[{"href":"https:\/\/www.tucomarca.com\/wordpress\/segunda\/wp-json\/wp\/v2\/posts\/106517","targetHints":{"allow":["GET"]}}],"collection":[{"href":"https:\/\/www.tucomarca.com\/wordpress\/segunda\/wp-json\/wp\/v2\/posts"}],"about":[{"href":"https:\/\/www.tucomarca.com\/wordpress\/segunda\/wp-json\/wp\/v2\/types\/post"}],"author":[{"embeddable":true,"href":"https:\/\/www.tucomarca.com\/wordpress\/segunda\/wp-json\/wp\/v2\/users\/12"}],"replies":[{"embeddable":true,"href":"https:\/\/www.tucomarca.com\/wordpress\/segunda\/wp-json\/wp\/v2\/comments?post=106517"}],"version-history":[{"count":0,"href":"https:\/\/www.tucomarca.com\/wordpress\/segunda\/wp-json\/wp\/v2\/posts\/106517\/revisions"}],"wp:featuredmedia":[{"embeddable":true,"href":"https:\/\/www.tucomarca.com\/wordpress\/segunda\/wp-json\/wp\/v2\/media\/106519"}],"wp:attachment":[{"href":"https:\/\/www.tucomarca.com\/wordpress\/segunda\/wp-json\/wp\/v2\/media?parent=106517"}],"wp:term":[{"taxonomy":"category","embeddable":true,"href":"https:\/\/www.tucomarca.com\/wordpress\/segunda\/wp-json\/wp\/v2\/categories?post=106517"},{"taxonomy":"post_tag","embeddable":true,"href":"https:\/\/www.tucomarca.com\/wordpress\/segunda\/wp-json\/wp\/v2\/tags?post=106517"}],"curies":[{"name":"wp","href":"https:\/\/api.w.org\/{rel}","templated":true}]}}