{"id":106849,"date":"2020-05-22T11:32:08","date_gmt":"2020-05-22T09:32:08","guid":{"rendered":"http:\/\/www.tucomarca.com\/wordpress\/segunda\/?p=106849"},"modified":"2020-05-22T11:32:11","modified_gmt":"2020-05-22T09:32:11","slug":"el-hospital-de-manises-recibe-mas-de-mil-dibujos-y-cartas-de-animo-a-pacientes-y-sanitarios","status":"publish","type":"post","link":"https:\/\/www.tucomarca.com\/wordpress\/segunda\/el-hospital-de-manises-recibe-mas-de-mil-dibujos-y-cartas-de-animo-a-pacientes-y-sanitarios\/","title":{"rendered":"El Hospital de Manises recibe m\u00e1s de mil dibujos y cartas de \u00e1nimo a pacientes y sanitarios"},"content":{"rendered":"\n<p>Crear una actitud positiva, favorecer el bienestar emocional y que el entorno m\u00e1s cercano \u201cacompa\u00f1e\u201d a los pacientes hospitalizados es el objetivo de la campa\u00f1a \u201c<em>Tus \u00e1nimos, nuestra medicina<\/em>\u201d lanzada por la Comisi\u00f3n de Humanizaci\u00f3n del Departamento de Salud de Manises. Esta iniciativa ha recibido m\u00e1s de 1.000 dibujos y mensajes de agradecimiento y de \u00e1nimo a las personas ingresadas por coronavirus y profesionales sanitarios. En la campa\u00f1a se animaba a los m\u00e1s peque\u00f1os a enviar dibujos y cartas de \u00e1nimo que el Hospital ha hecho llegar a sus destinatarios.<\/p>\n\n\n\n<p>Debido al confinamiento, muchos ni\u00f1os y familias que han permanecido largas horas en sus casas han aprovechado el momento para hacer dibujos con un mensaje positivo y de agradecimiento para el personal sanitario y las personas que est\u00e1n hospitalizados por esta enfermedad. Muchos de ellos tambi\u00e9n han mandado fotograf\u00edas de los dibujos colgando de los balcones para animar al vecindario con ellos.<\/p>\n\n\n\n<p>Adem\u00e1s, varios colegios se han unido a esta iniciativa involucrando de forma activa a sus alumnos.&nbsp; Muchos de ellos han mandado cartas para transmitir esperanza a los pacientes y fuerza a todos los sanitarios del hospital. Arco\u00edris y h\u00e9roes combatiendo al coronavirus han sido los m\u00e1s recibidos bajo las palabras de \u201ctodo ir\u00e1 bien\u201d.<\/p>\n\n\n\n<p>El objetivo de esta iniciativa es facilitar a los pacientes hospitalizados la cercan\u00eda de su entorno m\u00e1s cercano para generar una actitud positiva, mejorando su bienestar y necesidades emocionales. El Hospital de Manises contin\u00faa con esta iniciativa, impulsada por la Comisi\u00f3n de Humanizaci\u00f3n, para que lleguen a los pacientes los mensajes de \u00e1nimos con el fin de hacer m\u00e1s agradables su estancia y sentir el apoyo de sus seres queridos.<\/p>\n","protected":false},"excerpt":{"rendered":"<div class=\"mh-excerpt\">Crear una actitud positiva, favorecer el bienestar emocional y que el entorno m\u00e1s cercano \u201cacompa\u00f1e\u201d a los pacientes hospitalizados es el objetivo de la campa\u00f1a \u201cTus \u00e1nimos, nuestra medicina\u201d lanzada por la Comisi\u00f3n de Humanizaci\u00f3n <a class=\"mh-excerpt-more\" href=\"https:\/\/www.tucomarca.com\/wordpress\/segunda\/el-hospital-de-manises-recibe-mas-de-mil-dibujos-y-cartas-de-animo-a-pacientes-y-sanitarios\/\" title=\"El Hospital de Manises recibe m\u00e1s de mil dibujos y cartas de \u00e1nimo a pacientes y sanitarios\">[+] <\/a><\/div>\n","protected":false},"author":1,"featured_media":106850,"comment_status":"open","ping_status":"open","sticky":false,"template":"","format":"standard","meta":{"footnotes":""},"categories":[19,18,46,119,17,16,14,128,8,10,42,178,13,117,182,3,116,43,45,11],"tags":[11937,11938,11951],"class_list":{"0":"post-106849","1":"post","2":"type-post","3":"status-publish","4":"format-standard","5":"has-post-thumbnail","7":"category-alborache","8":"category-bunol","9":"category-camp-de-turia","10":"category-sanidad-la-comarca","11":"category-cheste","12":"category-chiva","13":"category-godelleta","14":"category-infraestructuras","15":"category-la-comarca","16":"category-la-hoya","17":"category-la-ribera","18":"category-loriguilla","19":"category-macastre","20":"category-medio-ambiente-la-comarca","21":"category-riba-roja","22":"category-seccion","23":"category-sucesos-la-comarca","24":"category-turis","25":"category-ventana","26":"category-yatova","27":"tag-coronavirus","28":"tag-covid-19","29":"tag-covid2019"},"_links":{"self":[{"href":"https:\/\/www.tucomarca.com\/wordpress\/segunda\/wp-json\/wp\/v2\/posts\/106849","targetHints":{"allow":["GET"]}}],"collection":[{"href":"https:\/\/www.tucomarca.com\/wordpress\/segunda\/wp-json\/wp\/v2\/posts"}],"about":[{"href":"https:\/\/www.tucomarca.com\/wordpress\/segunda\/wp-json\/wp\/v2\/types\/post"}],"author":[{"embeddable":true,"href":"https:\/\/www.tucomarca.com\/wordpress\/segunda\/wp-json\/wp\/v2\/users\/1"}],"replies":[{"embeddable":true,"href":"https:\/\/www.tucomarca.com\/wordpress\/segunda\/wp-json\/wp\/v2\/comments?post=106849"}],"version-history":[{"count":0,"href":"https:\/\/www.tucomarca.com\/wordpress\/segunda\/wp-json\/wp\/v2\/posts\/106849\/revisions"}],"wp:featuredmedia":[{"embeddable":true,"href":"https:\/\/www.tucomarca.com\/wordpress\/segunda\/wp-json\/wp\/v2\/media\/106850"}],"wp:attachment":[{"href":"https:\/\/www.tucomarca.com\/wordpress\/segunda\/wp-json\/wp\/v2\/media?parent=106849"}],"wp:term":[{"taxonomy":"category","embeddable":true,"href":"https:\/\/www.tucomarca.com\/wordpress\/segunda\/wp-json\/wp\/v2\/categories?post=106849"},{"taxonomy":"post_tag","embeddable":true,"href":"https:\/\/www.tucomarca.com\/wordpress\/segunda\/wp-json\/wp\/v2\/tags?post=106849"}],"curies":[{"name":"wp","href":"https:\/\/api.w.org\/{rel}","templated":true}]}}